{"id":1438,"date":"2026-01-20T16:23:54","date_gmt":"2026-01-20T16:23:54","guid":{"rendered":"https:\/\/phonelocker.marklanham.com\/?p=1438"},"modified":"2026-01-20T16:23:54","modified_gmt":"2026-01-20T16:23:54","slug":"mobile-phone-use-in-danish-schools","status":"publish","type":"post","link":"https:\/\/phonelocker.marklanham.com\/pt\/mobile-phone-use-in-danish-schools\/","title":{"rendered":"Utiliza\u00e7\u00e3o de telem\u00f3veis nas escolas dinamarquesas"},"content":{"rendered":"<section\n  class=\"section section-flexible-content-block\">\n  <div class=\"container\">\n    <div class=\"row\">\n      <div class=\"col-md-12 reveal active\" data-aos=\"fade-up\" data-aos-duration=\"1000\">\n        <div class=\"content\">\n          <div class=\"content__centered\">\n            <div class=\"container section-title-container\">\n<h3 class=\"section-title section-title-normal\"><span class=\"section-title-main\">Utiliza\u00e7\u00e3o de telem\u00f3veis nas escolas dinamarquesas<\/span><\/h3>\n<\/div>\n<p>A utiliza\u00e7\u00e3o de telem\u00f3veis nas escolas dinamarquesas \u00e9 gerida principalmente atrav\u00e9s de pol\u00edticas descentralizadas que permitem que cada escola adapte as regras \u00e0s suas necessidades espec\u00edficas. Cerca de 88% das escolas estabeleceram os seus pr\u00f3prios regulamentos, muitas vezes em consulta com os pais, para reduzir as distrac\u00e7\u00f5es na sala de aula. Enquanto algumas escolas implementam proibi\u00e7\u00f5es rigorosas, outras adoptam uma utiliza\u00e7\u00e3o controlada para potenciar os benef\u00edcios educativos.<\/p>\n<p>Porque\u00a0<a href=\"https:\/\/phonelocker.marklanham.com\/pt\/france-bans-phones-in-schools\/\" target=\"_blank\" rel=\"noopener\">A Fran\u00e7a aprovou uma lei que pro\u00edbe os alunos de levarem telem\u00f3veis para as aulas<\/a>, A pol\u00edtica de utiliza\u00e7\u00e3o de telem\u00f3veis nas escolas em Fran\u00e7a tem como objetivo eliminar as distrac\u00e7\u00f5es e melhorar o ambiente de aprendizagem de forma abrangente. Em Fran\u00e7a, esta pol\u00edtica de \u00e2mbito nacional visa eliminar as distrac\u00e7\u00f5es e melhorar o ambiente de aprendizagem de forma abrangente.<\/p>\n<p>O Minist\u00e9rio da Educa\u00e7\u00e3o dinamarqu\u00eas apoia estas abordagens individualizadas, referindo a sua efic\u00e1cia na manuten\u00e7\u00e3o da concentra\u00e7\u00e3o e da calma. Continuam os debates sobre o equil\u00edbrio entre a minimiza\u00e7\u00e3o das distrac\u00e7\u00f5es e o aumento da literacia digital, sublinhando o impacto diferenciado das pol\u00edticas de telem\u00f3veis na educa\u00e7\u00e3o. Outras informa\u00e7\u00f5es podem fornecer uma compreens\u00e3o mais profunda dessa din\u00e2mica.<\/p>\n<div class=\"container section-title-container\">\n<h3 class=\"section-title section-title-normal\"><span class=\"section-title-main\">Principais conclus\u00f5es<\/span><\/h3>\n<\/div>\n<ul class=\"part\" data-startline=\"19\" data-endline=\"24\">\n<li class=\"\" data-startline=\"19\" data-endline=\"19\">As escolas dinamarquesas t\u00eam pol\u00edticas de telem\u00f3veis descentralizadas, com 88% a implementar as suas pr\u00f3prias regras.<\/li>\n<li class=\"\" data-startline=\"20\" data-endline=\"20\">As pol\u00edticas visam reduzir as distrac\u00e7\u00f5es e melhorar a concentra\u00e7\u00e3o durante o hor\u00e1rio escolar.<\/li>\n<li class=\"\" data-startline=\"21\" data-endline=\"21\">O Minist\u00e9rio da Educa\u00e7\u00e3o dinamarqu\u00eas apoia a autonomia das escolas na regulamenta\u00e7\u00e3o da utiliza\u00e7\u00e3o de telem\u00f3veis.<\/li>\n<li class=\"\" data-startline=\"22\" data-endline=\"22\">As escolas envolvem os pais na elabora\u00e7\u00e3o de pol\u00edticas para se alinharem com as expectativas da fam\u00edlia.<\/li>\n<li class=\"\" data-startline=\"23\" data-endline=\"24\">Os telem\u00f3veis podem melhorar a literacia digital e o acesso a recursos educativos quando utilizados de forma respons\u00e1vel.<\/li>\n<\/ul>\n<div class=\"container section-title-container\">\n<h3 class=\"section-title section-title-normal\"><span class=\"section-title-main\">O estado atual das pol\u00edticas de telem\u00f3veis nas escolas dinamarquesas<\/span><\/h3>\n<\/div>\n<p>O estado atual da\u00a0<strong>pol\u00edticas de telem\u00f3veis nas escolas dinamarquesas<\/strong>\u00a0reflecte uma mudan\u00e7a para\u00a0<strong>ambientes localizados e sem telem\u00f3veis<\/strong>, com\u00a0<strong>88% das escolas<\/strong>\u00a0estabelecer as suas pr\u00f3prias regras para reduzir as distrac\u00e7\u00f5es e aumentar a concentra\u00e7\u00e3o.<\/p>\n<p><strong>Dinamarca<\/strong>, conhecida pela sua\u00a0<strong>ado\u00e7\u00e3o precoce de ferramentas digitais na educa\u00e7\u00e3o<\/strong>, A tend\u00eancia atual \u00e9 para\u00a0<strong>\u201cPol\u00edticas de \u201descola sem telem\u00f3veis<\/strong>, onde os alunos frequentemente\u00a0<strong>entregam os seus telem\u00f3veis<\/strong>\u00a0no in\u00edcio do dia escolar. Esta altera\u00e7\u00e3o de pol\u00edtica visa promover a comunica\u00e7\u00e3o presencial, refor\u00e7ar as intera\u00e7\u00f5es sociais e reduzir a depend\u00eancia dos alunos dos dispositivos digitais para socializar.<\/p>\n<p><strong>Envolvimento dos pais<\/strong>\u00a0desempenha um papel fundamental, assegurando que as pol\u00edticas da escola se alinham com as expectativas e valores da fam\u00edlia, criando uma atmosfera de colabora\u00e7\u00e3o entre\u00a0<strong>escolas e lares<\/strong>. As escolas referem que\u00a0<strong>limitar a utiliza\u00e7\u00e3o do telem\u00f3vel<\/strong>\u00a0melhora tanto\u00a0<strong>desempenho acad\u00e9mico<\/strong>\u00a0e\u00a0<strong>envolvimento dos alunos<\/strong>, permitindo uma maior\u00a0<strong>ambiente de aprendizagem centrado e interativo<\/strong>.<\/p>\n<p>Al\u00e9m disso, reconhecendo a import\u00e2ncia de\u00a0<strong>literacia digital<\/strong>, muitas escolas integram\u00a0<strong>utiliza\u00e7\u00e3o controlada de smartphones<\/strong>\u00a0em actividades educativas, promovendo\u00a0<strong>utiliza\u00e7\u00e3o equilibrada das tecnologias<\/strong>. Esta abordagem ajuda os alunos a desenvolver\u00a0<strong>dom\u00ednio das ferramentas digitais<\/strong>\u00a0enquanto aprende a\u00a0<strong>import\u00e2ncia da modera\u00e7\u00e3o<\/strong>.<\/p>\n          <\/div>\n        <\/div>\n      <\/div>\n\n          <\/div>\n  <\/div>\n<\/section>\n\n\n<section id=\"no-id-set\" class=\"section section-image\">\n  <div class=\"container\">\n    <div class=\"section-image__parallax-content\">\n      <div class=\"row\">\n        <div class=\"col-md-12\">\n          <div class=\"section-image__text reveal active\" data-aos=\"fade-up\" data-aos-duration=\"1000\">\n            <h2 class=\"text--white\"><\/h2>\n          <\/div>\n        <\/div>\n      <\/div>\n    <\/div>\n    <div class=\"section-image__parallax-image lazyload\" style=\"background-image:inherit\" data-bg-image=\"url(&#039;https:\/\/phonelocker.marklanham.com\/wp-content\/themes\/wp-boilerplate\/assets\/img\/default-brand-image.png&#039;)\">\n      <div class=\"section-image__mask\"><\/div>\n    <\/div>\n  <\/div>\n<\/section>\n\n<section\n  class=\"section section-flexible-content-block\">\n  <div class=\"container\">\n    <div class=\"row\">\n      <div class=\"col-md-12 reveal active\" data-aos=\"fade-up\" data-aos-duration=\"1000\">\n        <div class=\"content\">\n          <div class=\"content__centered\">\n            <div class=\"container section-title-container\">\n<h3 class=\"section-title section-title-normal\"><span class=\"section-title-main\">Argumentos a favor da proibi\u00e7\u00e3o dos telem\u00f3veis<\/span><\/h3>\n<\/div>\n<p class=\"part\" data-startline=\"43\" data-endline=\"43\">Defensores de\u00a0<strong>proibi\u00e7\u00e3o de telem\u00f3veis nas escolas<\/strong>, como\u00a0<a href=\"https:\/\/www.ft.dk\/medlemmer\/mf\/r\/rasmus-lund-nielsen\" target=\"_blank\" rel=\"noopener\">Rasmus Lund-Nielsen<\/a>\u00a0do partido Moderado, argumentam que estes dispositivos\u00a0<strong>perturbar o ambiente da sala de aula<\/strong>\u00a0em grande medida e\u00a0<strong>dificultar o desenvolvimento cognitivo dos alunos<\/strong>\u00a0e intera\u00e7\u00f5es sociais. Lund-Nielsen sublinha que a\u00a0<strong>presen\u00e7a de telem\u00f3veis<\/strong>\u00a0pode muito\u00a0<strong>reduzir a capacidade de concentra\u00e7\u00e3o dos alunos<\/strong>\u00a0em tarefas acad\u00e9micas, assim\u00a0<strong>impacto negativo no desempenho acad\u00e9mico<\/strong>.<\/p>\n<p class=\"part\" data-startline=\"45\" data-endline=\"45\">A investiga\u00e7\u00e3o apoia estas preocupa\u00e7\u00f5es, indicando que\u00a0<strong>aumento do tempo de ecr\u00e3<\/strong>\u00a0est\u00e1 associada a uma pior sa\u00fade mental e\u00a0<strong>diminui\u00e7\u00e3o da participa\u00e7\u00e3o dos alunos<\/strong>. Ao retirar os telem\u00f3veis da sala de aula, os defensores acreditam que os alunos poder\u00e3o concentrar-se melhor e ter intera\u00e7\u00f5es sociais mais significativas, ambas vitais para o desenvolvimento cognitivo e emocional.<\/p>\n<p class=\"part\" data-startline=\"47\" data-endline=\"47\">Al\u00e9m disso, os proponentes afirmam que o\u00a0<strong>aus\u00eancia de telem\u00f3veis<\/strong>\u00a0pode promover um ambiente de aprendizagem mais prop\u00edcio, permitindo que os alunos se envolvam mais profundamente nos conte\u00fados educativos e participem ativamente nos debates na sala de aula. Este maior n\u00edvel de envolvimento dos alunos \u00e9 essencial para o desenvolvimento de compet\u00eancias de pensamento cr\u00edtico e para a obten\u00e7\u00e3o de um melhor desempenho acad\u00e9mico.<\/p>\n<p class=\"part\" data-startline=\"49\" data-endline=\"49\">Al\u00e9m disso, a redu\u00e7\u00e3o das distrac\u00e7\u00f5es proporcionadas pelos telem\u00f3veis \u00e9 vista como um potencial est\u00edmulo para a sa\u00fade mental dos estudantes, uma vez que minimiza a compara\u00e7\u00e3o constante e a press\u00e3o social perpetuada pelas plataformas de redes sociais.<\/p>\n<div class=\"container section-title-container\">\n<h3 class=\"section-title section-title-normal\"><span class=\"section-title-main\">Argumentos contra uma proibi\u00e7\u00e3o geral<\/span><\/h3>\n<\/div>\n<p class=\"part\" data-startline=\"57\" data-endline=\"57\">Embora os defensores da proibi\u00e7\u00e3o salientem a\u00a0<strong>car\u00e1cter perturbador<\/strong>\u00a0de telem\u00f3veis nas salas de aula, os cr\u00edticos argumentam que uma proibi\u00e7\u00e3o total pode ignorar os\u00a0<strong>benef\u00edcios potenciais<\/strong>\u00a0que estes dispositivos podem oferecer quando integrados de forma respons\u00e1vel em ambientes educativos. Representantes de organiza\u00e7\u00f5es estudantis, tais como\u00a0<a href=\"https:\/\/da.wikipedia.org\/wiki\/Marie_Holt_Hermansen\" target=\"_blank\" rel=\"noopener\">Marie Holt Hermansen<\/a>\u00a0da Danske Skoleelever, salientam que os telem\u00f3veis, quando utilizados de forma adequada, podem melhorar\u00a0<strong>literacia digital<\/strong>\u00a0e promover\u00a0<strong>integra\u00e7\u00e3o tecnol\u00f3gica<\/strong>\u00a0no curr\u00edculo. Ao aprenderem a gerir a utiliza\u00e7\u00e3o dos seus dispositivos, os alunos podem desenvolver\u00a0<strong>compet\u00eancias essenciais<\/strong>\u00a0que s\u00e3o fundamentais num mundo orientado para a tecnologia.<\/p>\n<p class=\"part\" data-startline=\"59\" data-endline=\"59\">Al\u00e9m disso, os cr\u00edticos afirmam que\u00a0<strong>envolvimento dos pais<\/strong>\u00a0\u00e9 optimizado para utiliza\u00e7\u00e3o em telem\u00f3veis, permitindo\u00a0<strong>comunica\u00e7\u00e3o imediata<\/strong>\u00a0entre pais e alunos, quando necess\u00e1rio. Este aspeto \u00e9 particularmente importante em situa\u00e7\u00f5es de emerg\u00eancia, em que a coordena\u00e7\u00e3o r\u00e1pida \u00e9 crucial. Al\u00e9m disso, os cr\u00edticos consideram que uma proibi\u00e7\u00e3o geral pode comprometer\u00a0<strong>autonomia dos estudantes<\/strong>, A tecnologia n\u00e3o \u00e9 um meio de equilibrar a tecnologia com as suas responsabilidades educativas.<\/p>\n<p class=\"part\" data-startline=\"61\" data-endline=\"61\">Embora as distrac\u00e7\u00f5es na sala de aula sejam uma preocupa\u00e7\u00e3o v\u00e1lida, os cr\u00edticos afirmam que\u00a0<strong>orienta\u00e7\u00f5es estruturadas<\/strong>\u00a0e a utiliza\u00e7\u00e3o monitorizada, apoiada por ferramentas como as bolsas Phonelocker, pode atenuar estes problemas, transformando os telem\u00f3veis em\u00a0<strong>ferramentas educativas valiosas<\/strong>\u00a0em vez de fontes de perturba\u00e7\u00e3o. Ao promover um ambiente em que os alunos possam utilizar as tecnologias m\u00f3veis de forma respons\u00e1vel, as escolas podem prepar\u00e1-los para as exig\u00eancias da sociedade moderna.<\/p>\n<p data-startline=\"61\" data-endline=\"61\">Embora as distrac\u00e7\u00f5es na sala de aula sejam uma preocupa\u00e7\u00e3o v\u00e1lida, os cr\u00edticos afirmam que as diretrizes estruturadas e a utiliza\u00e7\u00e3o monitorizada, apoiadas por ferramentas como\u00a0<strong><a href=\"https:\/\/phonelocker.marklanham.com\/pt\/what-is-a-lockable-phone-pouch\/\" target=\"_blank\" rel=\"noopener\">bolsas para telem\u00f3vel com fecho<\/a><\/strong>, A escola pode atenuar estes problemas, transformando os telem\u00f3veis em ferramentas educativas valiosas e n\u00e3o em fontes de perturba\u00e7\u00e3o. Ao promover um ambiente em que os alunos possam utilizar a tecnologia m\u00f3vel de forma respons\u00e1vel, as escolas podem prepar\u00e1-los para as exig\u00eancias da sociedade moderna.<\/p>\n          <\/div>\n        <\/div>\n      <\/div>\n\n          <\/div>\n  <\/div>\n<\/section>\n\n\n<section id=\"no-id-set\" class=\"section section-image\">\n  <div class=\"container\">\n    <div class=\"section-image__parallax-content\">\n      <div class=\"row\">\n        <div class=\"col-md-12\">\n          <div class=\"section-image__text reveal active\" data-aos=\"fade-up\" data-aos-duration=\"1000\">\n            <h2 class=\"text--white\"><\/h2>\n          <\/div>\n        <\/div>\n      <\/div>\n    <\/div>\n    <div class=\"section-image__parallax-image lazyload\" style=\"background-image:inherit\" data-bg-image=\"url(&#039;https:\/\/phonelocker.marklanham.com\/wp-content\/themes\/wp-boilerplate\/assets\/img\/default-brand-image.png&#039;)\">\n      <div class=\"section-image__mask\"><\/div>\n    <\/div>\n  <\/div>\n<\/section>\n\n<section\n  class=\"section section-flexible-content-block\">\n  <div class=\"container\">\n    <div class=\"row\">\n      <div class=\"col-md-12 reveal active\" data-aos=\"fade-up\" data-aos-duration=\"1000\">\n        <div class=\"content\">\n          <div class=\"content__centered\">\n            <div class=\"container section-title-container\">\n<h3 class=\"section-title section-title-normal\"><span class=\"section-title-main\">A posi\u00e7\u00e3o do Minist\u00e9rio da Educa\u00e7\u00e3o<\/span><\/h3>\n<\/div>\n<p class=\"part\" data-startline=\"67\" data-endline=\"67\">Embora o\u00a0<strong>Minist\u00e9rio da Educa\u00e7\u00e3o dinamarqu\u00eas<\/strong>\u00a0aprova orienta\u00e7\u00f5es claras para promover\u00a0<strong>ambientes de aprendizagem eficazes<\/strong>, delega, em \u00faltima inst\u00e2ncia, a autoridade para\u00a0<strong>regulamentar a utiliza\u00e7\u00e3o dos telem\u00f3veis<\/strong>\u00a0para\u00a0<strong>escolas individuais<\/strong>. Esta posi\u00e7\u00e3o ministerial reflecte uma abordagem de apoio que valoriza\u00a0<strong>autonomia da escola<\/strong>, permitindo \u00e0s institui\u00e7\u00f5es adaptar as pol\u00edticas que melhor se adequam \u00e0s suas popula\u00e7\u00f5es estudantis e contextos educativos espec\u00edficos.<\/p>\n<p class=\"part\" data-startline=\"69\" data-endline=\"69\"><a href=\"https:\/\/eng.uvm.dk\/the-ministry\/the-minister\" target=\"_blank\" rel=\"noopener\">Ministra da Educa\u00e7\u00e3o Merete Riisager<\/a>\u00a0elogiou as pol\u00edticas espec\u00edficas existentes nas escolas, sublinhando o seu impacto positivo na manuten\u00e7\u00e3o da calma e da concentra\u00e7\u00e3o nas salas de aula, promovendo simultaneamente a intera\u00e7\u00e3o social durante os intervalos.<\/p>\n<p class=\"part\" data-startline=\"71\" data-endline=\"71\">Este quadro de decis\u00f5es individuais permite que as escolas inovem e adaptem as suas abordagens \u00e0 utiliza\u00e7\u00e3o de telem\u00f3veis, estabelecendo um equil\u00edbrio entre o aproveitamento da tecnologia como um meio de comunica\u00e7\u00e3o social e a sua utiliza\u00e7\u00e3o como um meio de comunica\u00e7\u00e3o social.\u00a0<strong>ferramenta educativa<\/strong>\u00a0e minimizando as potenciais distrac\u00e7\u00f5es.<\/p>\n<div class=\"container section-title-container\">\n<h3 class=\"section-title section-title-normal\"><span class=\"section-title-main\">Pol\u00edticas de telem\u00f3veis a n\u00edvel escolar nas escolas dinamarquesas<\/span><\/h3>\n<\/div>\n<p class=\"part\" data-startline=\"79\" data-endline=\"79\">Muitos\u00a0<strong>Escolas dinamarquesas<\/strong>\u00a0estabeleceram proactivamente as suas pr\u00f3prias\u00a0<strong>orienta\u00e7\u00f5es para telem\u00f3veis<\/strong>\u00a0para reduzir\u00a0<strong>distrac\u00e7\u00f5es e melhorar<\/strong>\u00a0no ambiente educativo. Estas orienta\u00e7\u00f5es foram elaboradas para abordar quest\u00f5es fundamentais como a distra\u00e7\u00e3o dos alunos,\u00a0<strong>perturba\u00e7\u00f5es na sala de aula<\/strong>, e a influ\u00eancia dos pares, sem deixar de considerar os potenciais benef\u00edcios da integra\u00e7\u00e3o tecnol\u00f3gica.<\/p>\n<p class=\"part\" data-startline=\"81\" data-endline=\"81\">Escolas como\u00a0<a href=\"https:\/\/denmarkshs.wa.edu.au\/wp-content\/uploads\/2020\/05\/Mobile-Phone-Portable-ELectronic-Device-Policy-Information.pdf\" target=\"_blank\" rel=\"noopener\">Escola Secund\u00e1ria S\u00e9nior da Dinamarca<\/a>, por exemplo, t\u00eam regras estritas que pro\u00edbem a utiliza\u00e7\u00e3o de telem\u00f3veis durante o hor\u00e1rio escolar, exceto para fins m\u00e9dicos ou por orienta\u00e7\u00e3o dos professores\u00a0<strong>fins educativos<\/strong>. Esta abordagem visa minimizar as distrac\u00e7\u00f5es desnecess\u00e1rias e promover uma\u00a0<strong>ambiente de aprendizagem orientado<\/strong>.<\/p>\n<p class=\"part\" data-startline=\"83\" data-endline=\"83\">O envolvimento dos pais \u00e9 essencial para\u00a0<strong>aplica\u00e7\u00e3o das presentes diretrizes<\/strong>. As escolas envolvem frequentemente os pais para garantir que as regras s\u00e3o compreendidas e apoiadas tanto em casa como na sala de aula. Esta colabora\u00e7\u00e3o ajuda a refor\u00e7ar a import\u00e2ncia de limitar a utiliza\u00e7\u00e3o do telem\u00f3vel para manter a\u00a0<strong>integridade acad\u00e9mica<\/strong>\u00a0do ambiente escolar.<\/p>\n<p class=\"part\" data-startline=\"85\" data-endline=\"85\">Enquanto algumas escolas optam pela proibi\u00e7\u00e3o total, outras recolhem os telem\u00f3veis no in\u00edcio do dia para reduzir as perturba\u00e7\u00f5es na sala de aula. Esta estrat\u00e9gia n\u00e3o s\u00f3 reduz as distrac\u00e7\u00f5es, como tamb\u00e9m facilita a influ\u00eancia dos colegas para que os alunos participem em actividades telef\u00f3nicas n\u00e3o educativas.<\/p>\n<p>Enquanto algumas escolas optam por proibi\u00e7\u00f5es totais, outras utilizam\u00a0<a href=\"https:\/\/phonelocker.com\/product-benefits\/\" target=\"_blank\" rel=\"noopener\"><strong>Bolsas Phonelocker<\/strong><\/a>\u00a0para aplicar estas regras de forma eficaz. Estas bolsas permitem que os alunos guardem os telem\u00f3veis de forma segura durante as aulas, minimizando as interrup\u00e7\u00f5es e mantendo os dispositivos facilmente acess\u00edveis quando necess\u00e1rio. Esta abordagem n\u00e3o s\u00f3 apoia um ambiente de aprendizagem concentrado, como tamb\u00e9m garante que os telem\u00f3veis est\u00e3o protegidos contra perdas ou danos. As escolas que implementam estas solu\u00e7\u00f5es descobrem que elas ajudam a equilibrar a necessidade de literacia digital com os benef\u00edcios de reduzir as distrac\u00e7\u00f5es na sala de aula.<\/p>\n          <\/div>\n        <\/div>\n      <\/div>\n\n          <\/div>\n  <\/div>\n<\/section>\n\n\n<section id=\"no-id-set\" class=\"section section-image\">\n  <div class=\"container\">\n    <div class=\"section-image__parallax-content\">\n      <div class=\"row\">\n        <div class=\"col-md-12\">\n          <div class=\"section-image__text reveal active\" data-aos=\"fade-up\" data-aos-duration=\"1000\">\n            <h2 class=\"text--white\"><\/h2>\n          <\/div>\n        <\/div>\n      <\/div>\n    <\/div>\n    <div class=\"section-image__parallax-image lazyload\" style=\"background-image:inherit\" data-bg-image=\"url(&#039;https:\/\/phonelocker.marklanham.com\/wp-content\/themes\/wp-boilerplate\/assets\/img\/default-brand-image.png&#039;)\">\n      <div class=\"section-image__mask\"><\/div>\n    <\/div>\n  <\/div>\n<\/section>\n\n<section\n  class=\"section section-flexible-content-block\">\n  <div class=\"container\">\n    <div class=\"row\">\n      <div class=\"col-md-12 reveal active\" data-aos=\"fade-up\" data-aos-duration=\"1000\">\n        <div class=\"content\">\n          <div class=\"content__centered\">\n            <div class=\"container section-title-container\">\n<h3 class=\"section-title section-title-normal\"><span class=\"section-title-main\">Potenciais desenvolvimentos futuros<\/span><\/h3>\n<\/div>\n<p class=\"part\" data-startline=\"91\" data-endline=\"91\">\u00c0 medida que as escolas dinamarquesas continuam a aperfei\u00e7oar as suas pol\u00edticas de telem\u00f3veis, os potenciais desenvolvimentos futuros podem incluir uma estrutura nacional que forne\u00e7a diretrizes mais padronizadas para garantir a consist\u00eancia entre as institui\u00e7\u00f5es de ensino. Esta estrutura poderia abordar v\u00e1rias \u00e1reas-chave para melhorar a educa\u00e7\u00e3o e garantir o bem-estar dos alunos.<\/p>\n<p class=\"part\" data-startline=\"93\" data-endline=\"93\"><strong>Envolvimento dos pais<\/strong>: A participa\u00e7\u00e3o dos pais nos processos de elabora\u00e7\u00e3o de pol\u00edticas pode garantir que as suas perspectivas e preocupa\u00e7\u00f5es sejam tidas em conta, promovendo uma abordagem colaborativa da utiliza\u00e7\u00e3o de telem\u00f3veis nas escolas.<\/p>\n<p class=\"part\" data-startline=\"95\" data-endline=\"95\"><strong>Integra\u00e7\u00e3o tecnol\u00f3gica<\/strong>: A utiliza\u00e7\u00e3o dos telem\u00f3veis como ferramentas educativas pode promover experi\u00eancias de aprendizagem interactivas e inovadoras, desde que os dispositivos sejam utilizados de acordo com orienta\u00e7\u00f5es bem definidas. Esta abordagem exige uma forma\u00e7\u00e3o exaustiva dos professores para os dotar de compet\u00eancias que lhes permitam integrar eficazmente a tecnologia nas suas pr\u00e1ticas de ensino.<\/p>\n<p class=\"part\" data-startline=\"97\" data-endline=\"97\"><strong>Considera\u00e7\u00f5es sobre sa\u00fade mental<\/strong>: \u00c9 importante abordar o impacto da utiliza\u00e7\u00e3o dos telem\u00f3veis na sa\u00fade mental dos estudantes. As pol\u00edticas podem incluir medidas para equilibrar o tempo de ecr\u00e3 e incentivar actividades que promovam a intera\u00e7\u00e3o social e o bem-estar f\u00edsico, apoiando assim o desenvolvimento hol\u00edstico dos estudantes.<\/p>\n<p class=\"part\" data-startline=\"99\" data-endline=\"99\">Na perspetiva dos estudantes, uma abordagem equilibrada que integre os seus pontos de vista poder\u00e1 conduzir a pol\u00edticas mais eficazes e mais bem recebidas.<\/p>\n<div class=\"container section-title-container\">\n<h3 class=\"section-title section-title-normal\"><span class=\"section-title-main\">Perguntas mais frequentes<\/span><\/h3>\n<\/div>\n<div class=\"accordion\">\n<div class=\"accordion-item\"><a class=\"accordion-title plain\" href=\"https:\/\/phonelocker.com\/mobile-phone-use-in-danish-schools\/#\"><button class=\"toggle\"><i class=\"icon-angle-down\"><\/i><\/button>Como \u00e9 que a proibi\u00e7\u00e3o de telem\u00f3veis nas escolas dinamarquesas se compara com a de outros pa\u00edses?<\/a><\/div>\n<div class=\"accordion-item\"><a class=\"accordion-title plain\" href=\"https:\/\/phonelocker.com\/mobile-phone-use-in-danish-schools\/#\"><button class=\"toggle\"><i class=\"icon-angle-down\"><\/i><\/button>Qual \u00e9 a opini\u00e3o dos pais sobre a utiliza\u00e7\u00e3o de telem\u00f3veis nas escolas?<\/a><\/div>\n<div class=\"accordion-item\"><a class=\"accordion-title plain\" href=\"https:\/\/phonelocker.com\/mobile-phone-use-in-danish-schools\/#\"><button class=\"toggle\"><i class=\"icon-angle-down\"><\/i><\/button>Como \u00e9 que os telem\u00f3veis confiscados s\u00e3o geridos e devolvidos aos alunos?<\/a><\/div>\n<div class=\"accordion-item\"><a class=\"accordion-title plain\" href=\"https:\/\/phonelocker.com\/mobile-phone-use-in-danish-schools\/#\"><button class=\"toggle\"><i class=\"icon-angle-down\"><\/i><\/button>Existem excep\u00e7\u00f5es \u00e0 proibi\u00e7\u00e3o de telem\u00f3veis em situa\u00e7\u00f5es de emerg\u00eancia?<\/a><\/div>\n<div class=\"accordion-item\"><a class=\"accordion-title plain\" href=\"https:\/\/phonelocker.com\/mobile-phone-use-in-danish-schools\/#\"><button class=\"toggle\"><i class=\"icon-angle-down\"><\/i><\/button>Que papel desempenham os professores na aplica\u00e7\u00e3o das pol\u00edticas relativas aos telem\u00f3veis?<\/a><\/div>\n<\/div>\n<div class=\"container section-title-container\">\n<h3 class=\"section-title section-title-normal\"><span class=\"section-title-main\">Conclus\u00e3o<\/span><\/h3>\n<\/div>\n<p class=\"part\" data-startline=\"125\" data-endline=\"125\">O debate sobre\u00a0<strong>utiliza\u00e7\u00e3o de telem\u00f3veis<\/strong>\u00a0em\u00a0<strong>Escolas dinamarquesas<\/strong>\u00a0continua por resolver, reflectindo pontos de vista divergentes sobre o seu impacto na educa\u00e7\u00e3o e na intera\u00e7\u00e3o social.<\/p>\n<p class=\"part\" data-startline=\"127\" data-endline=\"127\">Enquanto alguns defendem a proibi\u00e7\u00e3o para melhorar a concentra\u00e7\u00e3o cognitiva, outros salientam a\u00a0<strong>benef\u00edcios educacionais<\/strong>\u00a0e a necessidade moderna de tais dispositivos.<\/p>\n<p class=\"part\" data-startline=\"129\" data-endline=\"129\">Com 88% de escolas que estabeleceram as suas pr\u00f3prias pol\u00edticas, a\u00a0<strong>Minist\u00e9rio da Educa\u00e7\u00e3o<\/strong>\u2019sobre a tomada de decis\u00f5es localizadas.<\/p>\n<p class=\"part\" data-startline=\"131\" data-endline=\"131\">A quest\u00e3o mant\u00e9m-se: ser\u00e1 que vai surgir um consenso nacional ou continuar\u00e3o a predominar as pol\u00edticas espec\u00edficas para cada escola?<\/p>\n          <\/div>\n        <\/div>\n      <\/div>\n\n          <\/div>\n  <\/div>\n<\/section>\n\n\n<div\n  class=\"section section-contact-us-block section--alt-color\">\n  <div class=\"container reveal active\" data-aos=\"fade-up\" data-aos-duration=\"1000\">\n    <div class=\"row\">\n      <div class=\"col-md-12\">\n        <h2 class=\"text--center\">Quer ajuda para criar espa\u00e7os sem telem\u00f3veis?<\/h2>\n        <p class=\"text--center\"><\/p>\n      <\/div>\n\n      <div class=\"col-md-12 d-flex justify-content-center\">\n        <a href=\"https:\/\/phonelocker.marklanham.com\/pt\/contact-us\/\" class=\"btn btn-primary btn--lg\">\n          Contactar-nos        <\/a>\n      <\/div>\n    <\/div>\n  <\/div>\n<\/div>\n\n\n\n<section\n  class=\"section section-posts-panel-block reveal active section--alt-grey section-posts-panel-block__no-posts-found\"\n  data-section=\"related-articles\"\n   data-aos=\"fade-up\" data-aos-duration=\"1000\">\n  <div class=\"container\">\n    <div class=\"row\">\n\n            <div class=\"col-md-12\">\n        <h2 class=\"text--center\">Artigos relacionados<\/h2>\n        <p class=\"text--center\">Consulte os nossos artigos relacionados abaixo.<\/p>\n      <\/div>\n      \n      <!-- Section panels -->\n            <div class=\"container-slider-carousel\">\n        <ul class=\"slider-carousel slider-carousel-posts\">\n          \n                    <div class=\"col-md-12\">\n            <div class=\"posts-panel-block__no-posts-found-icon\"><\/div>\n            <p class=\"text--center\">N\u00e3o foram encontradas mensagens.<\/p>\n          <\/div>\n          \n                  <\/ul>\n      <\/div>\n      \n    <\/div>\n  <\/div>\n\n    <div class=\"slider-carousel__arrows slider-carousel-posts__arrows\"><\/div>\n  <div class=\"slider-carousel__dots slider-carousel-posts__dots\"><\/div>\n  <\/section>","protected":false},"excerpt":{"rendered":"","protected":false},"author":2,"featured_media":3017,"comment_status":"open","ping_status":"open","sticky":false,"template":"","format":"standard","meta":{"_acf_changed":false,"footnotes":""},"categories":[7],"tags":[],"class_list":["post-1438","post","type-post","status-publish","format-standard","has-post-thumbnail","hentry","category-education"],"acf":[],"_links":{"self":[{"href":"https:\/\/phonelocker.marklanham.com\/pt\/wp-json\/wp\/v2\/posts\/1438","targetHints":{"allow":["GET"]}}],"collection":[{"href":"https:\/\/phonelocker.marklanham.com\/pt\/wp-json\/wp\/v2\/posts"}],"about":[{"href":"https:\/\/phonelocker.marklanham.com\/pt\/wp-json\/wp\/v2\/types\/post"}],"author":[{"embeddable":true,"href":"https:\/\/phonelocker.marklanham.com\/pt\/wp-json\/wp\/v2\/users\/2"}],"replies":[{"embeddable":true,"href":"https:\/\/phonelocker.marklanham.com\/pt\/wp-json\/wp\/v2\/comments?post=1438"}],"version-history":[{"count":2,"href":"https:\/\/phonelocker.marklanham.com\/pt\/wp-json\/wp\/v2\/posts\/1438\/revisions"}],"predecessor-version":[{"id":1555,"href":"https:\/\/phonelocker.marklanham.com\/pt\/wp-json\/wp\/v2\/posts\/1438\/revisions\/1555"}],"wp:featuredmedia":[{"embeddable":true,"href":"https:\/\/phonelocker.marklanham.com\/pt\/wp-json\/wp\/v2\/media\/3017"}],"wp:attachment":[{"href":"https:\/\/phonelocker.marklanham.com\/pt\/wp-json\/wp\/v2\/media?parent=1438"}],"wp:term":[{"taxonomy":"category","embeddable":true,"href":"https:\/\/phonelocker.marklanham.com\/pt\/wp-json\/wp\/v2\/categories?post=1438"},{"taxonomy":"post_tag","embeddable":true,"href":"https:\/\/phonelocker.marklanham.com\/pt\/wp-json\/wp\/v2\/tags?post=1438"}],"curies":[{"name":"wp","href":"https:\/\/api.w.org\/{rel}","templated":true}]}}