{"id":1204,"date":"2026-01-20T16:24:19","date_gmt":"2026-01-20T16:24:19","guid":{"rendered":"https:\/\/phonelocker.marklanham.com\/?p=1204"},"modified":"2026-01-20T16:24:19","modified_gmt":"2026-01-20T16:24:19","slug":"is-foso-the-new-fomo","status":"publish","type":"post","link":"https:\/\/phonelocker.marklanham.com\/pt\/is-foso-the-new-fomo\/","title":{"rendered":"O FOSO \u00e9 o novo FOMO?"},"content":{"rendered":"<section\n  class=\"section section-flexible-content-block\">\n  <div class=\"container\">\n    <div class=\"row\">\n      <div class=\"col-md-12 reveal active\" data-aos=\"fade-up\" data-aos-duration=\"1000\">\n        <div class=\"content\">\n          <div class=\"content__centered\">\n            <p>N\u00e3o h\u00e1 muito tempo, o FOMO (medo de perder) era um sentimento com o qual muitos de n\u00f3s est\u00e1vamos demasiado familiarizados. Gra\u00e7as \u00e0s redes sociais e \u00e0 conetividade instant\u00e2nea que temos na ponta dos dedos, conseguimos manter-nos a par de tudo e de todos, a toda a hora. Mas ser\u00e1 que devemos?<\/p>\n<p>A nossa capacidade de aceder a este fluxo ininterrupto de informa\u00e7\u00f5es e actualiza\u00e7\u00f5es significa que estamos sempre envolvidos e que os sentimentos de FOMO come\u00e7am a diminuir... at\u00e9 nos desligarmos.<\/p>\n<p>Entrar\u00a0<strong>FOSO<\/strong>\u00a0- O medo de se desligar.<\/p>\n<h3><strong>A ascens\u00e3o da FOSO<\/strong><\/h3>\n<p>O FOSO \u00e9 aquele sentimento irritante que nos mant\u00e9m presos aos nossos dispositivos. \u00c9 a ansiedade e o mal-estar que sentimos quando tentamos desligar-nos. \u00c9 o medo de perder actualiza\u00e7\u00f5es importantes que 1 em cada 3 pessoas em todo o mundo sente e este medo \u00e9 um instigador da sobrecarga de informa\u00e7\u00e3o que tentamos processar todos os dias.<\/p>\n<p>A psic\u00f3loga de aconselhamento Dra. Ritika Suk Birah comentou;<\/p>\n<p><em>\u201cN\u00e3o somos rob\u00f4s, acreditamos muitas vezes que podemos continuar a trabalhar, mas \u00e9 por isso que o esgotamento \u00e9 t\u00e3o comum\u201d.<\/em><\/p>\n<p>Esta cren\u00e7a de que podemos funcionar e prosperar com o stress tem s\u00e9rias implica\u00e7\u00f5es para a nossa sa\u00fade f\u00edsica e mental a longo prazo, o que se reflecte nos 51 mil milh\u00f5es de libras que a UE paga para manter a sua sa\u00fade f\u00edsica e mental.\u00a0<a href=\"https:\/\/www.deloitte.com\/uk\/en\/about\/press-room\/poor-mental-health-costs-uk-employers-51-billion-a-year-for-employees.html\">a m\u00e1 sa\u00fade mental custa aos empregadores do Reino Unido<\/a>\u00a0em 2024.<\/p>\n<p>Uma das raz\u00f5es pelas quais este n\u00famero \u00e9 t\u00e3o elevado \u00e9 o facto de o termo FOSO ter origem no local de trabalho, onde muitos trabalhadores sentem\u00a0<a href=\"https:\/\/www.icompario.com\/en-gb\/guides\/right-to-switch-off\/\">\u2018imensa press\u00e3o\u2019 para se manter a par do trabalho<\/a>, mesmo quando est\u00e3o de folga! Mas n\u00e3o se trata apenas dos e-mails enviados fora do hor\u00e1rio de trabalho, \u00e9 tamb\u00e9m o stress antecipado da resposta e a expetativa de estar sempre contact\u00e1vel que deu origem a que as pessoas sintam que n\u00e3o conseguem desligar totalmente.<\/p>\n<h3><strong>Se podemos ser contactados onde quer que seja, porque n\u00e3o podemos responder?<\/strong><\/h3>\n<p>Este sentimento foi exacerbado nos \u00faltimos anos pela pandemia e pelo aumento das oportunidades de trabalhar a partir de casa (WFH). Embora muitas pessoas desfrutem dos benef\u00edcios de um estilo de vida de trabalho a partir de casa, o facto de n\u00e3o sa\u00edrem de casa e de n\u00e3o escreverem na mesa da sala de jantar esbateu as fronteiras entre a vida profissional e a vida pessoal. Al\u00e9m disso, um n\u00famero desproporcionado de pessoas sente que, pelo facto de n\u00e3o estarem no escrit\u00f3rio a ser vistas a trabalhar, t\u00eam de provar que est\u00e3o a trabalhar atrav\u00e9s da produ\u00e7\u00e3o de resultados.<\/p>\n          <\/div>\n        <\/div>\n      <\/div>\n\n          <\/div>\n  <\/div>\n<\/section>\n\n\n<section id=\"no-id-set\" class=\"section section-image\">\n  <div class=\"container\">\n    <div class=\"section-image__parallax-content\">\n      <div class=\"row\">\n        <div class=\"col-md-12\">\n          <div class=\"section-image__text reveal active\" data-aos=\"fade-up\" data-aos-duration=\"1000\">\n            <h2 class=\"text--white\"><\/h2>\n          <\/div>\n        <\/div>\n      <\/div>\n    <\/div>\n    <div class=\"section-image__parallax-image lazyload\" style=\"background-image:inherit\" data-bg-image=\"url(&#039;https:\/\/phonelocker.marklanham.com\/wp-content\/uploads\/2025\/07\/School-Girl-On-Phone.jpeg&#039;)\">\n      <div class=\"section-image__mask\"><\/div>\n    <\/div>\n  <\/div>\n<\/section>\n\n<section\n  class=\"section section-flexible-content-block\">\n  <div class=\"container\">\n    <div class=\"row\">\n      <div class=\"col-md-12 reveal active\" data-aos=\"fade-up\" data-aos-duration=\"1000\">\n        <div class=\"content\">\n          <div class=\"content__centered\">\n            <h3>A az\u00e1fama e a agita\u00e7\u00e3o<\/h3>\n<p>Para muitos que conseguem encontrar uma vida profissional equilibrada, a necessidade de ser hiperprodutivo e o aparecimento de \u2018<em>Cultura de agita\u00e7\u00e3o<\/em>\u2019, que glamouriza hist\u00f3rias de pessoas que trabalham horas sem fim para se tornarem \u2018bem sucedidas\u2019, significa que est\u00e3o constantemente a trabalhar para alcan\u00e7ar vis\u00f5es irrealistas de realiza\u00e7\u00e3o.<\/p>\n<p>Parte do aumento dos \u2018side hustles\u2019 deve-se \u00e0 crise do custo de vida, que levou muitas pessoas a tentar obter um segundo rendimento para sustentar as suas finan\u00e7as. Para aqueles que n\u00e3o podem explorar esta op\u00e7\u00e3o, tem-se registado um aumento da incerteza quanto \u00e0 estabilidade do seu emprego. Um fator que est\u00e1 a levar cada vez mais trabalhadores a sofrerem de burnout, que traz consigo uma s\u00e9rie de problemas adicionais, como a dificuldade em relaxar ou desfrutar de tempos livres, o aumento do stress e da ansiedade e uma pior qualidade do sono, para citar alguns.<\/p>\n<p>Se se pergunta por que raz\u00e3o n\u00e3o existe legisla\u00e7\u00e3o que pro\u00edba os empregadores de esperarem que os seus empregados participem em comunica\u00e7\u00f5es fora do hor\u00e1rio de trabalho, existe... em Fran\u00e7a.<\/p>\n<p>Em 2017, o pa\u00eds introduziu a \u2018lei do direito a desligar\u2019, e n\u00e3o \u00e9 a primeira vez que a Fran\u00e7a est\u00e1 na vanguarda das leis de bem-estar p\u00fablico, uma vez que introduziu a primeira do g\u00e9nero\u00a0<a href=\"https:\/\/phonelocker.marklanham.com\/pt\/france-bans-phones-in-schools\/\"><strong>Proibi\u00e7\u00e3o de telem\u00f3veis nas escolas<\/strong><\/a>\u00a0no mesmo ano, um passo que muitos pa\u00edses seguiram desde ent\u00e3o.<\/p>\n<p>Embora muitos trabalhadores do Reino Unido estejam ansiosos por voltar a seguir as pisadas da Fran\u00e7a, grande parte da press\u00e3o para responder \u00e9 impl\u00edcita e, como tal, temos de nos concentrar em alterar as expectativas sociais em torno do ato de desligar, fazendo com que as pessoas saibam que n\u00e3o h\u00e1 problema em ter tempo para \u2018si\u2019, sem o seu dispositivo.<\/p>\n<h3>FOSO em todas as idades<\/h3>\n<p>De facto, com as constantes notifica\u00e7\u00f5es e alertas que recebemos, em m\u00e9dia mais de 150 por dia, o medo de nos desligarmos entrou em todas as fases da nossa vida.<\/p>\n<p>O n\u00famero m\u00e9dio de notifica\u00e7\u00f5es dos jovens ultrapassa largamente este valor, tendo v\u00e1rios estudantes do recente document\u00e1rio\u00a0<a href=\"https:\/\/phonelocker.marklanham.com\/pt\/swiped-channel-4-reveals-the-impact-of-phone-bans-in-schools\/\"><strong>VENCIDO: A escola que proibiu os smartphones<\/strong><\/a>\u00a0que esperam receber mais de 300 mensagens por dia, o que est\u00e1 a levar a\u00a0<em>\u2018ansiedade extrema e ataques de p\u00e2nico\u2019<\/em>.<\/p>\n<p>O document\u00e1rio prossegue explorando o impacto da remo\u00e7\u00e3o dos smartphones destas crian\u00e7as, concluindo que a aus\u00eancia de dispositivos registou uma diminui\u00e7\u00e3o significativa da ansiedade e dos sintomas associados \u00e0 depress\u00e3o, bem como um aumento da mem\u00f3ria de trabalho.<\/p>\n<p>Se n\u00f3s, adultos, estamos a ter dificuldades em regular os nossos h\u00e1bitos tecnol\u00f3gicos, ent\u00e3o seria infundado esperar que as crian\u00e7as consigam navegar com sucesso sem apoio. No entanto, a sensibiliza\u00e7\u00e3o para esta quest\u00e3o est\u00e1 a aumentar com a realiza\u00e7\u00e3o de mais investiga\u00e7\u00e3o e muitos\u00a0<a href=\"https:\/\/phonelocker.marklanham.com\/pt\/mobile-phone-use-in-uk-schools\/\"><strong>Escolas com proibi\u00e7\u00e3o de telem\u00f3veis<\/strong><\/a>\u00a0utilizando m\u00e9todos como as bolsas para telem\u00f3veis com fechadura e os cacifos para telem\u00f3veis.<\/p>\n          <\/div>\n        <\/div>\n      <\/div>\n\n          <\/div>\n  <\/div>\n<\/section>\n\n\n\n<section\n  class=\"section section-video-block section--no-padding-top section--no-padding-bottom section--alt-grey\">\n  <div class=\"container\">\n    <div class=\"row\">\n      <div class=\"col-md-12\">\n                <div class=\"video-block__content\">\n          <div class=\"content\">\n            <div class=\"content__centered\">\n                            <div class=\"video-block__video_link_container\">\n                <iframe title=\"A proibi\u00e7\u00e3o de telem\u00f3veis funciona? A Escola Jeannine Manuel partilha a sua opini\u00e3o\" width=\"640\" height=\"360\" data-src=\"https:\/\/www.youtube.com\/embed\/xuCyR3gp79c?feature=oembed&#038;rel=0\" frameborder=\"0\" allow=\"accelerometer; autoplay; clipboard-write; encrypted-media; gyroscope; picture-in-picture; web-share\" referrerpolicy=\"strict-origin-when-cross-origin\" allowfullscreen src=\"data:image\/svg+xml;base64,PHN2ZyB3aWR0aD0iMSIgaGVpZ2h0PSIxIiB4bWxucz0iaHR0cDovL3d3dy53My5vcmcvMjAwMC9zdmciPjwvc3ZnPg==\" class=\"lazyload\" data-load-mode=\"1\"><\/iframe>              <\/div>\n                          <\/div>\n          <\/div>\n        <\/div>\n      <\/div>\n    <\/div>\n  <\/div>\n<\/section>\n\n<section\n  class=\"section section-flexible-content-block\">\n  <div class=\"container\">\n    <div class=\"row\">\n      <div class=\"col-md-12 reveal active\" data-aos=\"fade-up\" data-aos-duration=\"1000\">\n        <div class=\"content\">\n          <div class=\"content__centered\">\n            <h3>Quebrar o ciclo<\/h3>\n<p>Com tanta informa\u00e7\u00e3o a chegar ao nosso telem\u00f3vel ao longo do dia, temos de ter cuidado para n\u00e3o ficarmos para tr\u00e1s nas not\u00edcias e oportunidades, mas esta vigil\u00e2ncia constante j\u00e1 n\u00e3o \u00e9 um pensamento consciente, \u00e9 um h\u00e1bito enraizado que temos de trabalhar conscientemente para mudar.<\/p>\n<p>Uma das formas mais eficazes de quebrar este ciclo \u00e9 come\u00e7ar a estabelecer limites claros. Designar uma hora para responder a mensagens e desligar as notifica\u00e7\u00f5es fora desse per\u00edodo pode fazer uma grande diferen\u00e7a na sua produtividade e paz de esp\u00edrito.<\/p>\n<p>Uma das armadilhas deste m\u00e9todo \u00e9 que quanto mais tempo deixamos os nossos amigos e colegas sem responder, mais stress e ansiedade sentimos. Seria t\u00e3o f\u00e1cil responder rapidamente e limpar a nossa consci\u00eancia, mas comunicar com essas pessoas, informando-as quando n\u00e3o estamos dispon\u00edveis ou estabelecendo expectativas quanto ao tempo de resposta, pode realmente ajudar a acalmar esses receios e a construir rela\u00e7\u00f5es mais saud\u00e1veis.<\/p>\n<p>Se sabe que n\u00e3o vai conseguir parar, especialmente durante a escola ou o dia de trabalho, pode considerar a utiliza\u00e7\u00e3o de ferramentas de restri\u00e7\u00e3o do telem\u00f3vel, como aplica\u00e7\u00f5es restritivas, caixas de bloqueio ou bolsas para telem\u00f3vel.<\/p>\n<p>Por \u00faltimo, nunca conseguir\u00e1 escapar totalmente ao mundo da tecnologia e ao zumbido constante, mas umas pequenas f\u00e9rias podem fazer-lhe maravilhas. Pense em fazer uma \u2018desintoxica\u00e7\u00e3o digital\u2019, programando per\u00edodos sem quaisquer dispositivos electr\u00f3nicos para ajudar a treinar o seu c\u00e9rebro a desligar-se. Um fim de semana sem ecr\u00e3s pode ser o rem\u00e9dio perfeito para isso, ou pode preferir uns dias de retiro num lugar calmo e rodeado pela natureza.<\/p>\n<p>As nossas rela\u00e7\u00f5es com estes dispositivos s\u00e3o individuais e, por isso, a solu\u00e7\u00e3o tamb\u00e9m tem de o ser: fazer o que funciona para si e o que melhor satisfaz as suas necessidades. Felizmente, \u00e9 cada vez mais aceit\u00e1vel falar abertamente sobre estes temas e sobre as medidas que temos de tomar para proteger a nossa sa\u00fade emocional.<\/p>\n<p>No nosso mundo hiperconectado, muitos de n\u00f3s lutam com o FOSO, mas lembre-se que sempre que decide desligar-se, est\u00e1 a tomar uma decis\u00e3o consciente de dar prioridade ao seu bem-estar.<\/p>\n          <\/div>\n        <\/div>\n      <\/div>\n\n          <\/div>\n  <\/div>\n<\/section>\n\n\n<section id=\"no-id-set\" class=\"section section-image\">\n  <div class=\"container\">\n    <div class=\"section-image__parallax-content\">\n      <div class=\"row\">\n        <div class=\"col-md-12\">\n          <div class=\"section-image__text reveal active\" data-aos=\"fade-up\" data-aos-duration=\"1000\">\n            <h2 class=\"text--white\"><\/h2>\n          <\/div>\n        <\/div>\n      <\/div>\n    <\/div>\n    <div class=\"section-image__parallax-image lazyload\" style=\"background-image:inherit\" data-bg-image=\"url(&#039;https:\/\/phonelocker.marklanham.com\/wp-content\/uploads\/2025\/07\/School-Girl-On-Phone.jpeg&#039;)\">\n      <div class=\"section-image__mask\"><\/div>\n    <\/div>\n  <\/div>\n<\/section>\n\n<div\n  class=\"section section-contact-us-block section--alt-color\">\n  <div class=\"container reveal active\" data-aos=\"fade-up\" data-aos-duration=\"1000\">\n    <div class=\"row\">\n      <div class=\"col-md-12\">\n        <h2 class=\"text--center\">N\u00e3o ter telem\u00f3veis na escola<\/h2>\n        <p class=\"text--center\">Para discutir a utiliza\u00e7\u00e3o das bolsas Phone Locker\u00ae na sua escola, contacte-nos para obter aconselhamento e um or\u00e7amento sem compromisso.<\/p>\n      <\/div>\n\n      <div class=\"col-md-12 d-flex justify-content-center\">\n        <a href=\"https:\/\/phonelocker.marklanham.com\/pt\/contact-us\/\" class=\"btn btn-primary btn--lg\">\n          Contactar-nos        <\/a>\n      <\/div>\n    <\/div>\n  <\/div>\n<\/div>\n\n\n\n<section\n  class=\"section section-posts-panel-block reveal active section--alt-grey\"\n  data-section=\"related-articles\"\n   data-aos=\"fade-up\" data-aos-duration=\"1000\">\n  <div class=\"container\">\n    <div class=\"row\">\n\n            <div class=\"col-md-12\">\n        <h2 class=\"text--center\">Artigos relacionados<\/h2>\n        <p class=\"text--center\">Consulte os nossos artigos relacionados abaixo.<\/p>\n      <\/div>\n      \n      <!-- Section panels -->\n            <div class=\"container-slider-carousel\">\n        <ul class=\"slider-carousel slider-carousel-posts\">\n          \n          \n                    <li class=\"slide-carousel\">\n            \n            <div class=\"col-md-12\">\n              <div class=\"posts-panel-block__article-container\">\n                <div class=\"posts-panel-block__article-img lazyload\"\n                  style=\"background-image:inherit\" data-bg-image=\"url(&#039;https:\/\/phonelocker.marklanham.com\/wp-content\/uploads\/2023\/07\/photo-girl-at-cinema-on-phone.jpg&#039;)\">\n                <\/div>\n\n                <div class=\"posts-panel-block__article-content\">\n                  <div class=\"posts-panel-block__article-cat-date-wrapper\">\n                    <div class=\"posts-panel-block__article-category text--xs\">Entretenimento                    <\/div>\n                    <div class=\"posts-panel-block__article-date\"><strong>20 de janeiro de 2026<\/strong>\n                    <\/div>\n                  <\/div>\n\n                  <div class=\"posts-panel-block__article-title\">\n                    <h3>Os telem\u00f3veis devem ser proibidos nos cinemas?<\/h3>\n                  <\/div>\n\n                  <div class=\"posts-panel-block__article-btn-wrapper\">\n                    <a href=\"https:\/\/phonelocker.marklanham.com\/pt\/should-phones-be-banned-at-cinemas\/\" class=\"btn btn-primary\">Ler mais<\/a>\n                  <\/div>\n                <\/div>\n              <\/div>\n            <\/div>\n\n                      <\/li>\n                    \n                    <li class=\"slide-carousel\">\n            \n            <div class=\"col-md-12\">\n              <div class=\"posts-panel-block__article-container\">\n                <div class=\"posts-panel-block__article-img lazyload\"\n                  style=\"background-image:inherit\" data-bg-image=\"url(&#039;https:\/\/phonelocker.marklanham.com\/wp-content\/uploads\/2017\/01\/photo-celebrities-banning-phones-at-gigs.jpg&#039;)\">\n                <\/div>\n\n                <div class=\"posts-panel-block__article-content\">\n                  <div class=\"posts-panel-block__article-cat-date-wrapper\">\n                    <div class=\"posts-panel-block__article-category text--xs\">Eventos                    <\/div>\n                    <div class=\"posts-panel-block__article-date\"><strong>20 de janeiro de 2026<\/strong>\n                    <\/div>\n                  <\/div>\n\n                  <div class=\"posts-panel-block__article-title\">\n                    <h3>Celebridades pro\u00edbem o uso de telem\u00f3veis em espect\u00e1culos<\/h3>\n                  <\/div>\n\n                  <div class=\"posts-panel-block__article-btn-wrapper\">\n                    <a href=\"https:\/\/phonelocker.marklanham.com\/pt\/celebrities-banning-phones-from-gigs\/\" class=\"btn btn-primary\">Ler mais<\/a>\n                  <\/div>\n                <\/div>\n              <\/div>\n            <\/div>\n\n                      <\/li>\n                    \n                    <li class=\"slide-carousel\">\n            \n            <div class=\"col-md-12\">\n              <div class=\"posts-panel-block__article-container\">\n                <div class=\"posts-panel-block__article-img lazyload\"\n                  style=\"background-image:inherit\" data-bg-image=\"url(&#039;https:\/\/phonelocker.marklanham.com\/wp-content\/uploads\/2023\/07\/photo-netflix-show-smartphone-use.png&#039;)\">\n                <\/div>\n\n                <div class=\"posts-panel-block__article-content\">\n                  <div class=\"posts-panel-block__article-cat-date-wrapper\">\n                    <div class=\"posts-panel-block__article-category text--xs\">Entretenimento                    <\/div>\n                    <div class=\"posts-panel-block__article-date\"><strong>20 de janeiro de 2026<\/strong>\n                    <\/div>\n                  <\/div>\n\n                  <div class=\"posts-panel-block__article-title\">\n                    <h3>Nova s\u00e9rie da Netflix sensibiliza para as radia\u00e7\u00f5es juvenis...<\/h3>\n                  <\/div>\n\n                  <div class=\"posts-panel-block__article-btn-wrapper\">\n                    <a href=\"https:\/\/phonelocker.marklanham.com\/pt\/new-netflix-show-raises-awareness-of-youth-radicalisation\/\" class=\"btn btn-primary\">Ler mais<\/a>\n                  <\/div>\n                <\/div>\n              <\/div>\n            <\/div>\n\n                      <\/li>\n                    \n          \n                  <\/ul>\n      <\/div>\n      \n    <\/div>\n  <\/div>\n\n    <div class=\"slider-carousel__arrows slider-carousel-posts__arrows\"><\/div>\n  <div class=\"slider-carousel__dots slider-carousel-posts__dots\"><\/div>\n  <\/section>","protected":false},"excerpt":{"rendered":"","protected":false},"author":2,"featured_media":1788,"comment_status":"closed","ping_status":"closed","sticky":false,"template":"","format":"standard","meta":{"_acf_changed":false,"footnotes":""},"categories":[1],"tags":[],"class_list":["post-1204","post","type-post","status-publish","format-standard","has-post-thumbnail","hentry","category-uncategorized"],"acf":[],"_links":{"self":[{"href":"https:\/\/phonelocker.marklanham.com\/pt\/wp-json\/wp\/v2\/posts\/1204","targetHints":{"allow":["GET"]}}],"collection":[{"href":"https:\/\/phonelocker.marklanham.com\/pt\/wp-json\/wp\/v2\/posts"}],"about":[{"href":"https:\/\/phonelocker.marklanham.com\/pt\/wp-json\/wp\/v2\/types\/post"}],"author":[{"embeddable":true,"href":"https:\/\/phonelocker.marklanham.com\/pt\/wp-json\/wp\/v2\/users\/2"}],"replies":[{"embeddable":true,"href":"https:\/\/phonelocker.marklanham.com\/pt\/wp-json\/wp\/v2\/comments?post=1204"}],"version-history":[{"count":4,"href":"https:\/\/phonelocker.marklanham.com\/pt\/wp-json\/wp\/v2\/posts\/1204\/revisions"}],"predecessor-version":[{"id":1484,"href":"https:\/\/phonelocker.marklanham.com\/pt\/wp-json\/wp\/v2\/posts\/1204\/revisions\/1484"}],"wp:featuredmedia":[{"embeddable":true,"href":"https:\/\/phonelocker.marklanham.com\/pt\/wp-json\/wp\/v2\/media\/1788"}],"wp:attachment":[{"href":"https:\/\/phonelocker.marklanham.com\/pt\/wp-json\/wp\/v2\/media?parent=1204"}],"wp:term":[{"taxonomy":"category","embeddable":true,"href":"https:\/\/phonelocker.marklanham.com\/pt\/wp-json\/wp\/v2\/categories?post=1204"},{"taxonomy":"post_tag","embeddable":true,"href":"https:\/\/phonelocker.marklanham.com\/pt\/wp-json\/wp\/v2\/tags?post=1204"}],"curies":[{"name":"wp","href":"https:\/\/api.w.org\/{rel}","templated":true}]}}