{"id":1029,"date":"2026-01-20T16:24:45","date_gmt":"2026-01-20T16:24:45","guid":{"rendered":"https:\/\/phonelocker.marklanham.com\/?p=1029"},"modified":"2026-01-20T16:24:45","modified_gmt":"2026-01-20T16:24:45","slug":"the-uk-government-considers-social-media-time-limits-for-kids","status":"publish","type":"post","link":"https:\/\/phonelocker.marklanham.com\/pt\/the-uk-government-considers-social-media-time-limits-for-kids\/","title":{"rendered":"O Governo do Reino Unido pondera a possibilidade de limitar o tempo de utiliza\u00e7\u00e3o das redes sociais pelas crian\u00e7as"},"content":{"rendered":"<section\n  class=\"section section-flexible-content-block\">\n  <div class=\"container\">\n    <div class=\"row\">\n      <div class=\"col-md-12 reveal active\" data-aos=\"fade-up\" data-aos-duration=\"1000\">\n        <div class=\"content\">\n          <div class=\"content__centered\">\n            <p>O governo do Reino Unido est\u00e1 a pensar introduzir regras mais rigorosas para limitar o tempo que as crian\u00e7as passam nas redes sociais, na sequ\u00eancia de conversa\u00e7\u00f5es semelhantes realizadas na Europa na semana passada, uma vez que um n\u00famero crescente de provas mostra os efeitos negativos das redes sociais na sa\u00fade mental e f\u00edsica das crian\u00e7as.<\/p>\n<p>Os pa\u00edses da UE debateram o estabelecimento de uma \u201cidade digital adulta\u201d, o que significa que as crian\u00e7as precisariam de autoriza\u00e7\u00e3o dos pais para utilizar as redes sociais. A Fran\u00e7a, a Gr\u00e9cia e a Dinamarca apoiam a proibi\u00e7\u00e3o da utiliza\u00e7\u00e3o destas plataformas por menores de 15 anos, enquanto a Espanha sugere o aumento do limite de idade para os menores de 16 anos.<\/p>\n<p>N\u00e3o foram tomadas decis\u00f5es definitivas, mas a ministra dinamarquesa do Digital, Caroline Stage Olsen, afirmou: \u201c\u00c9 algo que estamos a promover\u201d.\u201d<\/p>\n<p>Entretanto, a Comiss\u00e3o Europeia planeia lan\u00e7ar uma aplica\u00e7\u00e3o de verifica\u00e7\u00e3o da idade no pr\u00f3ximo m\u00eas, afirmando que esta pode funcionar sem exigir informa\u00e7\u00f5es pessoais.<\/p>\n<p>Noutras partes do mundo, a Austr\u00e1lia j\u00e1 proibiu as redes sociais para menores de 16 anos, o que entrar\u00e1 em vigor no final deste ano, enquanto a Nova Zel\u00e2ndia e a Noruega est\u00e3o a ponderar proibi\u00e7\u00f5es semelhantes<\/p>\n          <\/div>\n        <\/div>\n      <\/div>\n\n          <\/div>\n  <\/div>\n<\/section>\n\n\n\n<section\n  class=\"section section-video-block section--no-padding-bottom section--no-padding-top\">\n  <div class=\"container\">\n    <div class=\"row\">\n      <div class=\"col-md-12\">\n                <div class=\"video-block__content\">\n          <div class=\"content\">\n            <div class=\"content__centered\">\n                            <div class=\"video-block__video_link_container\">\n                <iframe title=\"A proibi\u00e7\u00e3o de telem\u00f3veis funciona? A Escola Jeannine Manuel partilha a sua opini\u00e3o\" width=\"640\" height=\"360\" data-src=\"https:\/\/www.youtube.com\/embed\/xuCyR3gp79c?start=6&#038;feature=oembed\" frameborder=\"0\" allow=\"accelerometer; autoplay; clipboard-write; encrypted-media; gyroscope; picture-in-picture; web-share\" referrerpolicy=\"strict-origin-when-cross-origin\" allowfullscreen src=\"data:image\/svg+xml;base64,PHN2ZyB3aWR0aD0iMSIgaGVpZ2h0PSIxIiB4bWxucz0iaHR0cDovL3d3dy53My5vcmcvMjAwMC9zdmciPjwvc3ZnPg==\" class=\"lazyload\" data-load-mode=\"1\"><\/iframe>              <\/div>\n                          <\/div>\n          <\/div>\n        <\/div>\n      <\/div>\n    <\/div>\n  <\/div>\n<\/section>\n\n<section\n  class=\"section section-flexible-content-block\">\n  <div class=\"container\">\n    <div class=\"row\">\n      <div class=\"col-md-12 reveal active\" data-aos=\"fade-up\" data-aos-duration=\"1000\">\n        <div class=\"content\">\n          <div class=\"content__centered\">\n            <p>Falando sobre o\u00a0<a href=\"https:\/\/www.bbc.co.uk\/iplayer\/episode\/m002d9h7\/sunday-with-laura-kuenssberg-the-spending-review-and-why-schwarzenegger-wants-you-to-stop-whining\" target=\"_blank\" rel=\"noopener\">Domingo na BBC com Laura Kuenssberg<\/a>, O Secret\u00e1rio para a Tecnologia, Peter Kyle, disse que est\u00e1 a analisar \u201ca natureza viciante de algumas das aplica\u00e7\u00f5es e smartphones\u201d e a ver o que mais o governo pode fazer para manter as crian\u00e7as seguras em linha.<\/p>\n<p>\u201cEste ano, houve conte\u00fados ilegais que tiveram de ser retirados\u201d, afirmou. \u201cMas, em julho, as plataformas ter\u00e3o de fornecer material adequado \u00e0 idade, caso contr\u00e1rio, haver\u00e1 san\u00e7\u00f5es penais.\u201d<\/p>\n<p>Acrescentou ainda que o governo est\u00e1 a trabalhar para \u201crefor\u00e7ar\u201d a seguran\u00e7a e definir \u201co que deve ser uma vida em linha saud\u00e1vel para as crian\u00e7as\u201d.<\/p>\n<p>Embora o Secret\u00e1rio da Tecnologia j\u00e1 tenha estado em conversa\u00e7\u00f5es com empresas de redes sociais, com\u00a0<a href=\"https:\/\/www.ofcom.org.uk\/online-safety\/protecting-children\/new-rules-for-a-safer-generation-of-children-online\" target=\"_blank\" rel=\"noopener\">Ofcom publica tamb\u00e9m um c\u00f3digo para crian\u00e7as<\/a>\u00a0que visa domar os algoritmos t\u00f3xicos, poder\u00e1 ser dif\u00edcil controlar empresas como a Meta e a X, que t\u00eam sede nos EUA.<\/p>\n<p>Em declara\u00e7\u00f5es \u00e0 BBC, Ian Russell, ativista da seguran\u00e7a em linha, criticou o governo pelos atrasos na introdu\u00e7\u00e3o de leis mais rigorosas para proteger as crian\u00e7as em linha. A sua filha, Molly, suicidou-se aos 14 anos depois de ter visto conte\u00fados nocivos nas redes sociais.<\/p>\n<p>\u201cTodos os dias que o governo adiou a ado\u00e7\u00e3o de leis de seguran\u00e7a em linha mais rigorosas, vimos mais vidas jovens perderem-se e serem prejudicadas devido \u00e0 fraca regulamenta\u00e7\u00e3o e \u00e0 ina\u00e7\u00e3o das grandes empresas tecnol\u00f3gicas\u201d, afirmou.<\/p>\n<p>Russell, um apoiante da Lei da Seguran\u00e7a em Linha, avisou que s\u00f3 uma legisla\u00e7\u00e3o \u201cmais forte e mais eficaz\u201d poderia combater \u201cprodutos e modelos de neg\u00f3cio fundamentalmente inseguros que d\u00e3o prioridade ao envolvimento em detrimento da seguran\u00e7a\u201d.\u201d<\/p>\n<p>E acrescentou: \u201cOs pais de todo o pa\u00eds ficariam muito satisfeitos por ver o primeiro-ministro agir de forma decisiva... mas os pensos r\u00e1pidos n\u00e3o v\u00e3o resolver o problema\u201d.\u201d<\/p>\n<h3><strong>Como gerir agora o tempo de ecr\u00e3 das crian\u00e7as?<\/strong><\/h3>\n<p>Os relat\u00f3rios indicam que os adolescentes passam mais de 4 horas por dia nas redes sociais. Por isso, \u00e9 importante trabalhar em fam\u00edlia para limitar o tempo de ecr\u00e3 e ter conversas saud\u00e1veis sobre o comportamento em linha.<\/p>\n<p>Pode criar um plano multim\u00e9dia familiar, estabelecendo tempos livres de ecr\u00e3s (por exemplo, \u00e0 hora do jantar ou uma hora antes de deitar), utilizar controlos parentais e aplica\u00e7\u00f5es para gerir os limites de tempo de ecr\u00e3 e incentivar actividades alternativas, como a leitura ou as brincadeiras ao ar livre.<\/p>\n<p>Al\u00e9m disso, pode sublinhar quando \u00e9\u00a0<em>bom<\/em>\u00a0para utilizar o telem\u00f3vel de formas mais positivas - como usar o YouTube para aprender uma nova habilidade, procurar receitas online ou t\u00e9cnicas de maquilhagem.<\/p>\n<h3><strong>Como \u00e9 que o Phone Locker pode ajudar\u00a0<\/strong><\/h3>\n<p>Para ajudar as crian\u00e7as a resistir \u00e0 vontade de pegar nos seus smartphones, o Phone Locker\u00ae lan\u00e7ou o seu\u00a0<a href=\"https:\/\/phonelocker.marklanham.com\/pt\/\" target=\"_blank\" rel=\"noopener\">bolsa para telem\u00f3vel com fecho<\/a>\u00a0em 2020, que impede o acesso ao telem\u00f3vel sem um \u00edman especial. Esta solu\u00e7\u00e3o tem-se revelado muito popular nas escolas,\u00a0<a href=\"https:\/\/phonelocker.marklanham.com\/pt\/school-phone-bans-the-rise-of-lockable-smartphone-pouches\/\" target=\"_blank\" rel=\"noopener\">onde os telem\u00f3veis s\u00e3o proibidos nas salas de aula na maioria dos pa\u00edses<\/a>. N\u00e3o s\u00f3 as escolas se aperceberam de melhores resultados em termos de discipulado e de exames, como tamb\u00e9m os professores est\u00e3o satisfeitos por verem os alunos a interagir mais fora da sala de aula.<\/p>\n          <\/div>\n        <\/div>\n      <\/div>\n\n          <\/div>\n  <\/div>\n<\/section>\n<section\n  class=\"section section-flexible-content-block\">\n  <div class=\"container\">\n    <div class=\"row\">\n      <div class=\"col-md-12 reveal active\" data-aos=\"fade-up\" data-aos-duration=\"1000\">\n        <div class=\"content\">\n          <div class=\"content__centered\">\n            <h3><strong>O que est\u00e1 a acontecer no Reino Unido?<\/strong><\/h3>\n<p>Falando sobre o\u00a0<a href=\"https:\/\/www.bbc.co.uk\/iplayer\/episode\/m002d9h7\/sunday-with-laura-kuenssberg-the-spending-review-and-why-schwarzenegger-wants-you-to-stop-whining\" target=\"_blank\" rel=\"noopener\">Domingo na BBC com Laura Kuenssberg<\/a>, O Secret\u00e1rio para a Tecnologia, Peter Kyle, disse que est\u00e1 a analisar \u201ca natureza viciante de algumas das aplica\u00e7\u00f5es e smartphones\u201d e a ver o que mais o governo pode fazer para manter as crian\u00e7as seguras em linha.<\/p>\n<p>\u201cEste ano, houve conte\u00fados ilegais que tiveram de ser retirados\u201d, afirmou. \u201cMas, em julho, as plataformas ter\u00e3o de fornecer material adequado \u00e0 idade, caso contr\u00e1rio, haver\u00e1 san\u00e7\u00f5es penais.\u201d<\/p>\n<p>Acrescentou ainda que o governo est\u00e1 a trabalhar para \u201crefor\u00e7ar\u201d a seguran\u00e7a e definir \u201co que deve ser uma vida em linha saud\u00e1vel para as crian\u00e7as\u201d.<\/p>\n<p>Embora o Secret\u00e1rio da Tecnologia j\u00e1 tenha estado em conversa\u00e7\u00f5es com empresas de redes sociais, com\u00a0<a href=\"https:\/\/www.ofcom.org.uk\/online-safety\/protecting-children\/new-rules-for-a-safer-generation-of-children-online\" target=\"_blank\" rel=\"noopener\">Ofcom publica tamb\u00e9m um c\u00f3digo para crian\u00e7as<\/a>\u00a0que visa domar os algoritmos t\u00f3xicos, poder\u00e1 ser dif\u00edcil controlar empresas como a Meta e a X, que t\u00eam sede nos EUA.<\/p>\n<p>Em declara\u00e7\u00f5es \u00e0 BBC, Ian Russell, ativista da seguran\u00e7a em linha, criticou o governo pelos atrasos na introdu\u00e7\u00e3o de leis mais rigorosas para proteger as crian\u00e7as em linha. A sua filha, Molly, suicidou-se aos 14 anos depois de ter visto conte\u00fados nocivos nas redes sociais.<\/p>\n<p>\u201cTodos os dias que o governo adiou a ado\u00e7\u00e3o de leis de seguran\u00e7a em linha mais rigorosas, vimos mais vidas jovens perderem-se e serem prejudicadas devido \u00e0 fraca regulamenta\u00e7\u00e3o e \u00e0 ina\u00e7\u00e3o das grandes empresas tecnol\u00f3gicas\u201d, afirmou.<\/p>\n<p>Russell, um apoiante da Lei da Seguran\u00e7a em Linha, avisou que s\u00f3 uma legisla\u00e7\u00e3o \u201cmais forte e mais eficaz\u201d poderia combater \u201cprodutos e modelos de neg\u00f3cio fundamentalmente inseguros que d\u00e3o prioridade ao envolvimento em detrimento da seguran\u00e7a\u201d.\u201d<\/p>\n<p>E acrescentou: \u201cOs pais de todo o pa\u00eds ficariam muito satisfeitos por ver o primeiro-ministro agir de forma decisiva... mas os pensos r\u00e1pidos n\u00e3o v\u00e3o resolver o problema\u201d.\u201d<\/p>\n<h3><strong>Como gerir agora o tempo de ecr\u00e3 das crian\u00e7as?<\/strong><\/h3>\n<p>Os relat\u00f3rios indicam que os adolescentes passam mais de 4 horas por dia nas redes sociais. Por isso, \u00e9 importante trabalhar em fam\u00edlia para limitar o tempo de ecr\u00e3 e ter conversas saud\u00e1veis sobre o comportamento em linha.<\/p>\n<p>Pode criar um plano multim\u00e9dia familiar, estabelecendo tempos livres de ecr\u00e3s (por exemplo, \u00e0 hora do jantar ou uma hora antes de deitar), utilizar controlos parentais e aplica\u00e7\u00f5es para gerir os limites de tempo de ecr\u00e3 e incentivar actividades alternativas, como a leitura ou as brincadeiras ao ar livre.<\/p>\n<p>Al\u00e9m disso, pode sublinhar quando \u00e9\u00a0<em>bom<\/em>\u00a0para utilizar o telem\u00f3vel de formas mais positivas - como usar o YouTube para aprender uma nova habilidade, procurar receitas online ou t\u00e9cnicas de maquilhagem.<\/p>\n<h3><strong>Como \u00e9 que o Phone Locker pode ajudar\u00a0<\/strong><\/h3>\n<p>Para ajudar as crian\u00e7as a resistir \u00e0 vontade de pegar nos seus smartphones, o Phone Locker\u00ae lan\u00e7ou o seu\u00a0<a href=\"https:\/\/phonelocker.marklanham.com\/pt\/\" target=\"_blank\" rel=\"noopener\">bolsa para telem\u00f3vel com fecho<\/a>\u00a0em 2020, que impede o acesso ao telem\u00f3vel sem um \u00edman especial. Esta solu\u00e7\u00e3o tem-se revelado muito popular nas escolas,\u00a0<a href=\"https:\/\/phonelocker.marklanham.com\/pt\/school-phone-bans-the-rise-of-lockable-smartphone-pouches\/\" target=\"_blank\" rel=\"noopener\">onde os telem\u00f3veis s\u00e3o proibidos nas salas de aula na maioria dos pa\u00edses<\/a>. N\u00e3o s\u00f3 as escolas se aperceberam de melhores resultados em termos de discipulado e de exames, como tamb\u00e9m os professores est\u00e3o satisfeitos por verem os alunos a interagir mais fora da sala de aula.<\/p>\n          <\/div>\n        <\/div>\n      <\/div>\n\n          <\/div>\n  <\/div>\n<\/section>\n\n\n<section class=\"section section-quote-block\">\n  <div class=\"container\">\n    <div class=\"section-image__parallax-content\">\n      <div class=\"row\">\n        <div class=\"col-md-12\">\n          <div class=\"section-quote-block__text reveal active\" data-aos=\"fade-up\" data-aos-duration=\"1000\">\n            <h4 class=\"text--white\">\u201cMas em julho, o material adequado \u00e0 idade deve ser fornecido pelas plataformas, caso contr\u00e1rio haver\u00e1 san\u00e7\u00f5es penais\u201d.\u201d<\/h4>\n          <\/div>\n        <\/div>\n      <\/div>\n    <\/div>\n    <div class=\"section-quote-block__parallax-image lazyload\" style=\"background-image:inherit\" data-bg-image=\"url(&#039;https:\/\/phonelocker.marklanham.com\/wp-content\/uploads\/2025\/07\/photo-peter-kyle.png&#039;)\">\n      <div class=\"section-quote-block__mask\"><\/div>\n    <\/div>\n  <\/div>\n<\/section>\n\n<div\n  class=\"section section-contact-us-block section--alt-color\">\n  <div class=\"container reveal active\" data-aos=\"fade-up\" data-aos-duration=\"1000\">\n    <div class=\"row\">\n      <div class=\"col-md-12\">\n        <h2 class=\"text--center\">N\u00e3o ter telem\u00f3veis na escola<\/h2>\n        <p class=\"text--center\">Curioso para saber como a sua escola pode ficar livre de telem\u00f3veis? Contacte-nos para obter aconselhamento sem compromisso.<\/p>\n      <\/div>\n\n      <div class=\"col-md-12 d-flex justify-content-center\">\n        <a href=\"https:\/\/phonelocker.marklanham.com\/pt\/contact-us\/\" class=\"btn btn-primary btn--lg\">\n          Contactar-nos        <\/a>\n      <\/div>\n    <\/div>\n  <\/div>\n<\/div>\n\n\n\n<section\n  class=\"section section-posts-panel-block reveal active section--alt-grey\"\n  data-section=\"related-articles\"\n   data-aos=\"fade-up\" data-aos-duration=\"1000\">\n  <div class=\"container\">\n    <div class=\"row\">\n\n            <div class=\"col-md-12\">\n        <h2 class=\"text--center\">Artigos relacionados<\/h2>\n        <p class=\"text--center\">Consulte os nossos artigos relacionados abaixo.<\/p>\n      <\/div>\n      \n      <!-- Section panels -->\n            <div class=\"container-slider-carousel\">\n        <ul class=\"slider-carousel slider-carousel-posts\">\n          \n          \n                    <li class=\"slide-carousel\">\n            \n            <div class=\"col-md-12\">\n              <div class=\"posts-panel-block__article-container\">\n                <div class=\"posts-panel-block__article-img lazyload\"\n                  style=\"background-image:inherit\" data-bg-image=\"url(&#039;https:\/\/phonelocker.marklanham.com\/wp-content\/uploads\/2023\/07\/photo-girl-at-cinema-on-phone.jpg&#039;)\">\n                <\/div>\n\n                <div class=\"posts-panel-block__article-content\">\n                  <div class=\"posts-panel-block__article-cat-date-wrapper\">\n                    <div class=\"posts-panel-block__article-category text--xs\">Entretenimento                    <\/div>\n                    <div class=\"posts-panel-block__article-date\"><strong>20 de janeiro de 2026<\/strong>\n                    <\/div>\n                  <\/div>\n\n                  <div class=\"posts-panel-block__article-title\">\n                    <h3>Os telem\u00f3veis devem ser proibidos nos cinemas?<\/h3>\n                  <\/div>\n\n                  <div class=\"posts-panel-block__article-btn-wrapper\">\n                    <a href=\"https:\/\/phonelocker.marklanham.com\/pt\/should-phones-be-banned-at-cinemas\/\" class=\"btn btn-primary\">Ler mais<\/a>\n                  <\/div>\n                <\/div>\n              <\/div>\n            <\/div>\n\n                      <\/li>\n                    \n                    <li class=\"slide-carousel\">\n            \n            <div class=\"col-md-12\">\n              <div class=\"posts-panel-block__article-container\">\n                <div class=\"posts-panel-block__article-img lazyload\"\n                  style=\"background-image:inherit\" data-bg-image=\"url(&#039;https:\/\/phonelocker.marklanham.com\/wp-content\/uploads\/2017\/01\/photo-celebrities-banning-phones-at-gigs.jpg&#039;)\">\n                <\/div>\n\n                <div class=\"posts-panel-block__article-content\">\n                  <div class=\"posts-panel-block__article-cat-date-wrapper\">\n                    <div class=\"posts-panel-block__article-category text--xs\">Eventos                    <\/div>\n                    <div class=\"posts-panel-block__article-date\"><strong>20 de janeiro de 2026<\/strong>\n                    <\/div>\n                  <\/div>\n\n                  <div class=\"posts-panel-block__article-title\">\n                    <h3>Celebridades pro\u00edbem o uso de telem\u00f3veis em espect\u00e1culos<\/h3>\n                  <\/div>\n\n                  <div class=\"posts-panel-block__article-btn-wrapper\">\n                    <a href=\"https:\/\/phonelocker.marklanham.com\/pt\/celebrities-banning-phones-from-gigs\/\" class=\"btn btn-primary\">Ler mais<\/a>\n                  <\/div>\n                <\/div>\n              <\/div>\n            <\/div>\n\n                      <\/li>\n                    \n                    <li class=\"slide-carousel\">\n            \n            <div class=\"col-md-12\">\n              <div class=\"posts-panel-block__article-container\">\n                <div class=\"posts-panel-block__article-img lazyload\"\n                  style=\"background-image:inherit\" data-bg-image=\"url(&#039;https:\/\/phonelocker.marklanham.com\/wp-content\/uploads\/2023\/07\/photo-netflix-show-smartphone-use.png&#039;)\">\n                <\/div>\n\n                <div class=\"posts-panel-block__article-content\">\n                  <div class=\"posts-panel-block__article-cat-date-wrapper\">\n                    <div class=\"posts-panel-block__article-category text--xs\">Entretenimento                    <\/div>\n                    <div class=\"posts-panel-block__article-date\"><strong>20 de janeiro de 2026<\/strong>\n                    <\/div>\n                  <\/div>\n\n                  <div class=\"posts-panel-block__article-title\">\n                    <h3>Nova s\u00e9rie da Netflix sensibiliza para as radia\u00e7\u00f5es juvenis...<\/h3>\n                  <\/div>\n\n                  <div class=\"posts-panel-block__article-btn-wrapper\">\n                    <a href=\"https:\/\/phonelocker.marklanham.com\/pt\/new-netflix-show-raises-awareness-of-youth-radicalisation\/\" class=\"btn btn-primary\">Ler mais<\/a>\n                  <\/div>\n                <\/div>\n              <\/div>\n            <\/div>\n\n                      <\/li>\n                    \n          \n                  <\/ul>\n      <\/div>\n      \n    <\/div>\n  <\/div>\n\n    <div class=\"slider-carousel__arrows slider-carousel-posts__arrows\"><\/div>\n  <div class=\"slider-carousel__dots slider-carousel-posts__dots\"><\/div>\n  <\/section>","protected":false},"excerpt":{"rendered":"","protected":false},"author":2,"featured_media":1031,"comment_status":"open","ping_status":"open","sticky":false,"template":"","format":"standard","meta":{"_acf_changed":false,"footnotes":""},"categories":[12],"tags":[],"class_list":["post-1029","post","type-post","status-publish","format-standard","has-post-thumbnail","hentry","category-politics"],"acf":[],"_links":{"self":[{"href":"https:\/\/phonelocker.marklanham.com\/pt\/wp-json\/wp\/v2\/posts\/1029","targetHints":{"allow":["GET"]}}],"collection":[{"href":"https:\/\/phonelocker.marklanham.com\/pt\/wp-json\/wp\/v2\/posts"}],"about":[{"href":"https:\/\/phonelocker.marklanham.com\/pt\/wp-json\/wp\/v2\/types\/post"}],"author":[{"embeddable":true,"href":"https:\/\/phonelocker.marklanham.com\/pt\/wp-json\/wp\/v2\/users\/2"}],"replies":[{"embeddable":true,"href":"https:\/\/phonelocker.marklanham.com\/pt\/wp-json\/wp\/v2\/comments?post=1029"}],"version-history":[{"count":30,"href":"https:\/\/phonelocker.marklanham.com\/pt\/wp-json\/wp\/v2\/posts\/1029\/revisions"}],"predecessor-version":[{"id":1605,"href":"https:\/\/phonelocker.marklanham.com\/pt\/wp-json\/wp\/v2\/posts\/1029\/revisions\/1605"}],"wp:featuredmedia":[{"embeddable":true,"href":"https:\/\/phonelocker.marklanham.com\/pt\/wp-json\/wp\/v2\/media\/1031"}],"wp:attachment":[{"href":"https:\/\/phonelocker.marklanham.com\/pt\/wp-json\/wp\/v2\/media?parent=1029"}],"wp:term":[{"taxonomy":"category","embeddable":true,"href":"https:\/\/phonelocker.marklanham.com\/pt\/wp-json\/wp\/v2\/categories?post=1029"},{"taxonomy":"post_tag","embeddable":true,"href":"https:\/\/phonelocker.marklanham.com\/pt\/wp-json\/wp\/v2\/tags?post=1029"}],"curies":[{"name":"wp","href":"https:\/\/api.w.org\/{rel}","templated":true}]}}