{"id":1388,"date":"2026-01-20T16:24:19","date_gmt":"2026-01-20T16:24:19","guid":{"rendered":"https:\/\/phonelocker.marklanham.com\/?p=1388"},"modified":"2026-01-20T16:24:19","modified_gmt":"2026-01-20T16:24:19","slug":"norwegian-schools-phone-restrictions","status":"publish","type":"post","link":"https:\/\/phonelocker.marklanham.com\/es\/norwegian-schools-phone-restrictions\/","title":{"rendered":"Restricciones telef\u00f3nicas de las escuelas noruegas"},"content":{"rendered":"<section\n  class=\"section section-flexible-content-block\">\n  <div class=\"container\">\n    <div class=\"row\">\n      <div class=\"col-md-12 reveal active\" data-aos=\"fade-up\" data-aos-duration=\"1000\">\n        <div class=\"content\">\n          <div class=\"content__centered\">\n            <p>Las escuelas noruegas han implantado\u00a0<strong>restricciones telef\u00f3nicas estructuradas<\/strong>\u00a0para mejorar\u00a0<strong>compromiso de los estudiantes<\/strong>\u00a0y reducir las distracciones. Las recomendaciones de la Direcci\u00f3n de Educaci\u00f3n y Formaci\u00f3n noruega abogan por la regulaci\u00f3n de\u00a0<strong>uso de tel\u00e9fonos m\u00f3viles y smartwatches<\/strong>, especialmente durante las clases y los recreos en las escuelas primarias y secundarias. En la actualidad, m\u00e1s de 96% de centros de primaria y secundaria y 64% de centros de secundaria cuentan con este tipo de restricciones. Estas medidas han dado resultados positivos, entre ellos\u00a0<strong>reducci\u00f3n de los \u00edndices de acoso escolar<\/strong>\u00a0y\u00a0<strong>menos citas de ayuda psicol\u00f3gica<\/strong>. Tambi\u00e9n se ha constatado una mejora del bienestar mental y del rendimiento acad\u00e9mico, especialmente entre las ni\u00f1as. Comprender las repercusiones y los enfoques m\u00e1s amplios podr\u00eda arrojar m\u00e1s luz sobre esta estrategia educativa.<\/p>\n<div class=\"container section-title-container\">\n<h3 class=\"section-title section-title-normal\"><span class=\"section-title-main\">Principales conclusiones<\/span><\/h3>\n<\/div>\n<ul class=\"part\" data-startline=\"19\" data-endline=\"24\">\n<li class=\"\" data-startline=\"19\" data-endline=\"19\">M\u00e1s de 96% de las escuelas noruegas de primaria y secundaria han aplicado restricciones a los tel\u00e9fonos m\u00f3viles.<\/li>\n<li class=\"\" data-startline=\"20\" data-endline=\"20\">Las restricciones al uso del tel\u00e9fono en las escuelas pretenden aumentar la participaci\u00f3n de los alumnos y reducir las distracciones en clase y durante los descansos.<\/li>\n<li class=\"\" data-startline=\"21\" data-endline=\"21\">Se observan reducciones significativas del acoso y de las citas de ayuda psicol\u00f3gica con las restricciones telef\u00f3nicas.<\/li>\n<li class=\"\" data-startline=\"22\" data-endline=\"22\">Las normativas est\u00e1n respaldadas por investigaciones que las relacionan con la mejora de los resultados educativos y el bienestar mental.<\/li>\n<li class=\"\" data-startline=\"23\" data-endline=\"24\">Las iniciativas de participaci\u00f3n de los padres garantizan la coherencia de las pol\u00edticas de uso del tel\u00e9fono entre el hogar y la escuela.<\/li>\n<\/ul>\n<div class=\"container section-title-container\">\n<h3 class=\"section-title section-title-normal\"><span class=\"section-title-main\">Recomendaciones para restringir el uso del m\u00f3vil en las escuelas noruegas<\/span><\/h3>\n<\/div>\n<p>En\u00a0<strong>Noruega<\/strong>, El Ministerio de Educaci\u00f3n e Investigaci\u00f3n ha publicado\u00a0<strong>recomendaciones<\/strong>\u00a0para restringir el uso del tel\u00e9fono m\u00f3vil en las escuelas con el fin de reducir las distracciones y mejorar el bienestar de los alumnos. Estas directrices sugieren que\u00a0<strong>tel\u00e9fonos m\u00f3viles personales y smartwatches<\/strong>\u00a0debe ser\u00a0<strong>estrictamente regulado durante el horario escolar<\/strong>, incluidas las pausas, tanto en\u00a0<strong>escuelas primarias y secundarias<\/strong>. El objetivo es crear un entorno de aprendizaje que fomente la interacci\u00f3n cara a cara y minimice las distracciones. Aunque las recomendaciones se centran en las escuelas primarias y secundarias,\u00a0<strong>escuelas secundarias<\/strong>\u00a0se les aconseja que adopten pol\u00edticas similares, pero con cierta flexibilidad para las pausas.<\/p>\n<p>Las recomendaciones se basan en\u00a0<strong>investigaci\u00f3n<\/strong>\u00a0que indican el impacto positivo de la reducci\u00f3n del uso del m\u00f3vil en el rendimiento acad\u00e9mico y la salud mental. Los estudios han demostrado que las restricciones del m\u00f3vil pueden conducir a\u00a0<strong>mejores notas<\/strong>,\u00a0<strong>disminuci\u00f3n del acoso<\/strong>, y una mejor salud mental en general, especialmente entre los estudiantes m\u00e1s j\u00f3venes. Aunque la\u00a0<strong>Parlamento noruego<\/strong>\u00a0se ha planteado una prohibici\u00f3n total, ha optado por evaluar primero la eficacia de estas directrices antes de estudiar la posibilidad de legislar. El planteamiento permite\u00a0<strong>flexibilidad local<\/strong>, animando a las escuelas a adaptar las pol\u00edticas de la manera que mejor se adapte a sus necesidades espec\u00edficas.<\/p>\n          <\/div>\n        <\/div>\n      <\/div>\n\n          <\/div>\n  <\/div>\n<\/section>\n\n\n<section id=\"no-id-set\" class=\"section section-image\">\n  <div class=\"container\">\n    <div class=\"section-image__parallax-content\">\n      <div class=\"row\">\n        <div class=\"col-md-12\">\n          <div class=\"section-image__text reveal active\" data-aos=\"fade-up\" data-aos-duration=\"1000\">\n            <h2 class=\"text--white\"><\/h2>\n          <\/div>\n        <\/div>\n      <\/div>\n    <\/div>\n    <div class=\"section-image__parallax-image lazyload\" style=\"background-image:inherit\" data-bg-image=\"url(&#039;https:\/\/phonelocker.marklanham.com\/wp-content\/themes\/wp-boilerplate\/assets\/img\/default-brand-image.png&#039;)\">\n      <div class=\"section-image__mask\"><\/div>\n    <\/div>\n  <\/div>\n<\/section>\n\n<section\n  class=\"section section-flexible-content-block\">\n  <div class=\"container\">\n    <div class=\"row\">\n      <div class=\"col-md-12 reveal active\" data-aos=\"fade-up\" data-aos-duration=\"1000\">\n        <div class=\"content\">\n          <div class=\"content__centered\">\n            <div class=\"container section-title-container\">\n<h3 class=\"section-title section-title-normal\"><span class=\"section-title-main\">Pr\u00e1cticas existentes en las escuelas noruegas<\/span><\/h3>\n<\/div>\n<p class=\"part\" data-startline=\"41\" data-endline=\"41\">La aplicaci\u00f3n de\u00a0<strong>restricciones a la telefon\u00eda m\u00f3vil<\/strong>\u00a0en\u00a0<strong>Escuelas noruegas<\/strong>\u00a0se ha convertido en una pr\u00e1ctica generalizada, como demuestran los datos del\u00a0<a href=\"https:\/\/www.udir.no\/contentassets\/db5187a1537741799b410059404cf579\/nifu_2023_sporsmal_skole_norge_v_23.pdf\">\u201cSp\u00f8rsm\u00e5l til Skole-Norge\u201d\u00a0<strong>encuesta<\/strong><\/a>. Esta encuesta indica que m\u00e1s de 96% de\u00a0<strong>escuelas primarias y secundarias<\/strong>, junto con 64% de\u00a0<strong>escuelas secundarias<\/strong>, han introducido normativas que limitan el uso de tel\u00e9fonos m\u00f3viles y smartwatches.<\/p>\n<p class=\"part\" data-startline=\"43\" data-endline=\"43\">Estas medidas forman parte de pol\u00edticas m\u00e1s amplias de integraci\u00f3n de la tecnolog\u00eda destinadas a mejorar los entornos educativos. Las restricciones tienen por objeto\u00a0<strong>privacidad de los estudiantes<\/strong>\u00a0y mejorar\u00a0<strong>estrategias de participaci\u00f3n en el aula<\/strong>, de este modo se fomenta un ambiente de aprendizaje m\u00e1s centrado.<\/p>\n<p class=\"part\" data-startline=\"45\" data-endline=\"45\">La educaci\u00f3n para la ciudadan\u00eda digital es otro componente fundamental, ya que las escuelas pretenden guiar a los alumnos en el manejo responsable de la tecnolog\u00eda. Al limitar el acceso a los tel\u00e9fonos m\u00f3viles, las escuelas animan a los estudiantes a relacionarse m\u00e1s directamente con sus compa\u00f1eros, fomentando las habilidades sociales y la colaboraci\u00f3n.<\/p>\n<p class=\"part\" data-startline=\"47\" data-endline=\"47\">Las iniciativas de participaci\u00f3n de los padres desempe\u00f1an un papel fundamental en el apoyo a estas restricciones, haciendo hincapi\u00e9 en la importancia de\u00a0<strong>pol\u00edticas coherentes<\/strong>\u00a0tanto en casa como en la escuela.<\/p>\n<p class=\"part\" data-startline=\"49\" data-endline=\"49\">Estas pr\u00e1cticas reflejan un enfoque exhaustivo para abordar los retos que plantean los dispositivos m\u00f3viles en los entornos educativos. Al centrarse en reducir las distracciones y mejorar las interacciones de los estudiantes, las escuelas noruegas demuestran su compromiso con el perfeccionamiento de la experiencia educativa a trav\u00e9s de la reflexi\u00f3n.\u00a0<strong>gesti\u00f3n de la tecnolog\u00eda<\/strong>.<\/p>\n<div class=\"container section-title-container\">\n<h3 class=\"section-title section-title-normal\"><span class=\"section-title-main\">Efectos positivos de las restricciones telef\u00f3nicas<\/span><\/h3>\n<\/div>\n<p>Las pruebas apoyan firmemente los efectos positivos de las restricciones del uso del tel\u00e9fono en las escuelas noruegas, ya que muestran mejoras significativas en los resultados psicol\u00f3gicos y acad\u00e9micos.\u00a0<a href=\"https:\/\/openaccess.nhh.no\/nhh-xmlui\/bitstream\/handle\/11250\/3119200\/DP%2001.pdf?sequence=1&amp;isAllowed=y\">Estudios realizados por la\u00a0<strong>Instituto Noruego de Salud P\u00fablica<\/strong><\/a>\u00a0revelan una sorprendente reducci\u00f3n de los incidentes de acoso...<strong>46% entre las chicas y 43% entre los chicos<\/strong>-despu\u00e9s de que se aplicaran restricciones a los tel\u00e9fonos m\u00f3viles. Este descenso se atribuye a una menor dependencia de la tecnolog\u00eda, lo que crea un entorno escolar m\u00e1s sano con mejores interacciones entre compa\u00f1eros.<\/p>\n<p>En t\u00e9rminos de bienestar mental, las restricciones tambi\u00e9n han tenido un profundo efecto. Hubo un\u00a0<strong>60% disminuci\u00f3n de las citas de ayuda psicol\u00f3gica<\/strong>\u00a0entre los estudiantes, lo que indica una relaci\u00f3n directa entre un menor uso de los tel\u00e9fonos inteligentes y unos niveles m\u00e1s bajos de ansiedad y estr\u00e9s. Los beneficios acad\u00e9micos son especialmente evidentes entre las chicas, que experimentaron notables\u00a0<strong>mejoras en el promedio acad\u00e9mico<\/strong>. Adem\u00e1s, aument\u00f3 la probabilidad de que estos alumnos se matricularan en itinerarios acad\u00e9micos de bachillerato, sobre todo entre los procedentes de\u00a0<strong>entornos econ\u00f3micamente desfavorecidos<\/strong>.<\/p>\n<table class=\"part\" style=\"height: 184px;\" width=\"729\" data-startline=\"59\" data-endline=\"65\">\n<thead>\n<tr>\n<th>M\u00e9trica clave<\/th>\n<th>Mejora observada<\/th>\n<\/tr>\n<\/thead>\n<tbody>\n<tr>\n<td>Incidentes de acoso escolar<\/td>\n<td>46% reducci\u00f3n (chicas)<\/td>\n<\/tr>\n<tr>\n<td>Ayuda psicol\u00f3gica<\/td>\n<td>60% declive<\/td>\n<\/tr>\n<tr>\n<td>Nota media de las chicas<\/td>\n<td>Mejora notable<\/td>\n<\/tr>\n<tr>\n<td>Matr\u00edcula acad\u00e9mica<\/td>\n<td>Mayor probabilidad<\/td>\n<\/tr>\n<tr>\n<td>Bienestar mental<\/td>\n<td>Mejora general<\/td>\n<\/tr>\n<\/tbody>\n<\/table>\n<p>Estos resultados subrayan la importancia de las restricciones bien estructuradas del uso del tel\u00e9fono en las escuelas. No s\u00f3lo mejoran la participaci\u00f3n de los alumnos y su rendimiento acad\u00e9mico, sino que tambi\u00e9n aumentan su bienestar general. Los efectos positivos sobre la salud psicol\u00f3gica, el acoso escolar y el \u00e9xito acad\u00e9mico demuestran el valor de las pol\u00edticas de telefon\u00eda m\u00f3vil para mejorar el entorno de aprendizaje.<\/p>\n          <\/div>\n        <\/div>\n      <\/div>\n\n          <\/div>\n  <\/div>\n<\/section>\n\n\n<section id=\"no-id-set\" class=\"section section-image\">\n  <div class=\"container\">\n    <div class=\"section-image__parallax-content\">\n      <div class=\"row\">\n        <div class=\"col-md-12\">\n          <div class=\"section-image__text reveal active\" data-aos=\"fade-up\" data-aos-duration=\"1000\">\n            <h2 class=\"text--white\"><\/h2>\n          <\/div>\n        <\/div>\n      <\/div>\n    <\/div>\n    <div class=\"section-image__parallax-image lazyload\" style=\"background-image:inherit\" data-bg-image=\"url(&#039;https:\/\/phonelocker.marklanham.com\/wp-content\/themes\/wp-boilerplate\/assets\/img\/default-brand-image.png&#039;)\">\n      <div class=\"section-image__mask\"><\/div>\n    <\/div>\n  <\/div>\n<\/section>\n\n<section\n  class=\"section section-flexible-content-block\">\n  <div class=\"container\">\n    <div class=\"row\">\n      <div class=\"col-md-12 reveal active\" data-aos=\"fade-up\" data-aos-duration=\"1000\">\n        <div class=\"content\">\n          <div class=\"content__centered\">\n            <div class=\"container section-title-container\">\n<h3 class=\"section-title section-title-normal\"><span class=\"section-title-main\">Perspectivas mundiales sobre las restricciones de los tel\u00e9fonos m\u00f3viles en las escuelas<\/span><\/h3>\n<\/div>\n<p>Muchos pa\u00edses han adoptado distintos enfoques para las restricciones de los tel\u00e9fonos m\u00f3viles en las escuelas, en funci\u00f3n de las prioridades culturales y educativas.<\/p>\n<p>En\u00a0<strong>Francia<\/strong>, a\u00a0<a href=\"https:\/\/phonelocker.marklanham.com\/es\/france-bans-phones-in-schools\/\" target=\"_blank\" rel=\"noopener\">prohibici\u00f3n de los tel\u00e9fonos m\u00f3viles en todo el pa\u00eds<\/a>\u00a0se introdujo en 2018 para los centros de primaria y secundaria, ampli\u00e1ndose a los institutos en 2021. Esta pol\u00edtica pretende reducir las distracciones y mejorar las interacciones sociales, aunque los tel\u00e9fonos est\u00e1n permitidos para uso educativo o durante los descansos.<\/p>\n<p><a href=\"https:\/\/phonelocker.marklanham.com\/es\/how-germany-deals-with-smartphone-use-in-schools\/\" target=\"_blank\" rel=\"noopener\"><strong>Alemania<\/strong><\/a>\u00a0adopta un enfoque descentralizado, en el que los estados y las escuelas establecen sus propias normas. Algunos proh\u00edben el uso del tel\u00e9fono durante las clases, mientras que otros lo permiten para uso educativo. Tambi\u00e9n son comunes los programas de alfabetizaci\u00f3n digital, que ayudan a los estudiantes a gestionar el uso del tel\u00e9fono de forma responsable.<\/p>\n<p><a href=\"https:\/\/phonelocker.marklanham.com\/es\/italy-bans-smartphones-in-classrooms\/\" target=\"_blank\" rel=\"noopener\"><strong>Italia<\/strong><\/a>\u00a0utiliza un enfoque regional, y algunas escuelas adoptan \u201choteles telef\u00f3nicos\u201d, donde los alumnos guardan sus tel\u00e9fonos durante las clases. Esto garantiza que los tel\u00e9fonos no interrumpan el aprendizaje, pero permite su uso durante los descansos o para actividades educativas.<\/p>\n<p><a href=\"https:\/\/phonelocker.marklanham.com\/es\/mobile-phone-use-in-finnish-classrooms\/\" target=\"_blank\" rel=\"noopener\"><strong>Finlandia<\/strong>\u00a0no tiene una prohibici\u00f3n nacional<\/a>\u00a0pero anima a los estudiantes a apagar los tel\u00e9fonos durante las clases a menos que sea necesario por motivos educativos. El objetivo es fomentar el uso responsable del tel\u00e9fono mediante programas de alfabetizaci\u00f3n digital.<\/p>\n<p>En el\u00a0<a href=\"https:\/\/phonelocker.marklanham.com\/es\/mobile-phone-use-in-uk-schools\/\" target=\"_blank\" rel=\"noopener\"><strong>Reino Unido<\/strong><\/a>, Las pol\u00edticas var\u00edan seg\u00fan el centro: en algunos se proh\u00edben totalmente los tel\u00e9fonos y en otros se permite un uso limitado con fines educativos o durante los descansos. Los estudios sugieren que unas pol\u00edticas m\u00e1s estrictas mejoran la participaci\u00f3n de los alumnos y su rendimiento acad\u00e9mico.<\/p>\n<p>En\u00a0<a href=\"https:\/\/phonelocker.marklanham.com\/es\/australia-bans-mobile-phones-in-class\/\" target=\"_blank\" rel=\"noopener\"><strong>Australia<\/strong>, La normativa var\u00eda seg\u00fan el Estado<\/a>, En lugares como Nueva Gales del Sur se proh\u00edbe el uso del tel\u00e9fono, mientras que en otros se permite un uso restringido. Muchas escuelas tambi\u00e9n adoptan \u201choteles telef\u00f3nicos\u201d para minimizar las distracciones.<\/p>\n<p>Estos enfoques muestran el esfuerzo de cada pa\u00eds por equilibrar los beneficios del tel\u00e9fono m\u00f3vil en la educaci\u00f3n con la minimizaci\u00f3n de las distracciones.<\/p>\n<div class=\"container section-title-container\">\n<h3 class=\"section-title section-title-normal\"><span class=\"section-title-main\">Enfoques innovadores para gestionar el uso del tel\u00e9fono en las escuelas<\/span><\/h3>\n<\/div>\n<p class=\"part\" data-startline=\"93\" data-endline=\"93\">A medida que las instituciones educativas de todo el mundo navegan por las complejidades del\u00a0<strong>restricciones a la telefon\u00eda m\u00f3vil<\/strong>, una variedad de\u00a0<strong>estrategias innovadoras<\/strong>\u00a0est\u00e1n surgiendo para gestionar eficazmente el uso del tel\u00e9fono y promover al mismo tiempo un comportamiento digital responsable.<\/p>\n<p class=\"part\" data-startline=\"95\" data-endline=\"95\">Estos enfoques pretenden lograr un equilibrio entre el uso de la tecnolog\u00eda y el enfoque educativo, fomentando\u00a0<strong>alfabetizaci\u00f3n digital<\/strong>\u00a0y la autonom\u00eda de los estudiantes.<\/p>\n<ul class=\"part\" data-startline=\"97\" data-endline=\"102\">\n<li class=\"\" data-startline=\"97\" data-endline=\"98\"><strong>Tel\u00e9fono Hoteles:<\/strong>\u00a0Los centros escolares habilitan zonas designadas o taquillas, conocidas como \u201choteles telef\u00f3nicos\u201d, donde los alumnos guardan sus dispositivos. Esto minimiza\u00a0<strong>distracciones<\/strong>\u00a0y anima\u00a0<strong>participaci\u00f3n en clase<\/strong>\u00a0reduciendo la tentaci\u00f3n de las constantes comprobaciones telef\u00f3nicas.<\/li>\n<li class=\"\" data-startline=\"99\" data-endline=\"100\"><strong><a href=\"https:\/\/phonelocker.marklanham.com\/es\/what-is-a-lockable-phone-pouch\/\" target=\"_blank\" rel=\"noopener\">Fundas para tel\u00e9fono con cierre<\/a>:<\/strong>\u00a0Otra estrategia consiste en distribuir a los alumnos fundas con cerradura que les permitan guardar sus tel\u00e9fonos durante el horario escolar. Este m\u00e9todo ofrece una soluci\u00f3n port\u00e1til para gestionar el uso del tel\u00e9fono, garantizando el equilibrio tecnol\u00f3gico al tiempo que se mantiene la accesibilidad en caso de emergencia.<\/li>\n<li class=\"\" data-startline=\"101\" data-endline=\"102\"><strong>Ense\u00f1ar ciudadan\u00eda digital:<\/strong>\u00a0Integrar la educaci\u00f3n para la ciudadan\u00eda digital en los planes de estudios ayuda a los alumnos a comprender\u00a0<strong>uso responsable del tel\u00e9fono<\/strong>\u00a0y\u00a0<strong>seguridad en internet<\/strong>. Al centrarse en el cambio de comportamiento y la alfabetizaci\u00f3n digital, este enfoque capacita a los estudiantes para tomar decisiones informadas sobre su presencia digital.<\/li>\n<\/ul>\n<p class=\"part\" data-startline=\"103\" data-endline=\"103\">Estas estrategias abordan los retos de los tel\u00e9fonos inteligentes en la educaci\u00f3n, ofreciendo formas de mejorar el aprendizaje mediante una gesti\u00f3n reflexiva de la tecnolog\u00eda.<\/p>\n<p class=\"part\" data-startline=\"105\" data-endline=\"105\">Mientras las escuelas siguen adapt\u00e1ndose, estos m\u00e9todos ponen de relieve la importancia de fomentar una\u00a0<strong>entorno de aprendizaje propicio<\/strong>\u00a0a la vez que prepara a los estudiantes para un\u00a0<strong>un mundo conectado digitalmente<\/strong>.<\/p>\n          <\/div>\n        <\/div>\n      <\/div>\n\n          <\/div>\n  <\/div>\n<\/section>\n\n\n<section id=\"no-id-set\" class=\"section section-image\">\n  <div class=\"container\">\n    <div class=\"section-image__parallax-content\">\n      <div class=\"row\">\n        <div class=\"col-md-12\">\n          <div class=\"section-image__text reveal active\" data-aos=\"fade-up\" data-aos-duration=\"1000\">\n            <h2 class=\"text--white\"><\/h2>\n          <\/div>\n        <\/div>\n      <\/div>\n    <\/div>\n    <div class=\"section-image__parallax-image lazyload\" style=\"background-image:inherit\" data-bg-image=\"url(&#039;https:\/\/phonelocker.marklanham.com\/wp-content\/themes\/wp-boilerplate\/assets\/img\/default-brand-image.png&#039;)\">\n      <div class=\"section-image__mask\"><\/div>\n    <\/div>\n  <\/div>\n<\/section>\n\n<section\n  class=\"section section-flexible-content-block\">\n  <div class=\"container\">\n    <div class=\"row\">\n      <div class=\"col-md-12 reveal active\" data-aos=\"fade-up\" data-aos-duration=\"1000\">\n        <div class=\"content\">\n          <div class=\"content__centered\">\n            <div class=\"container section-title-container\">\n<div class=\"container section-title-container\">\n<h3 class=\"section-title section-title-normal\"><span class=\"section-title-main\">Preguntas frecuentes<\/span><\/h3>\n<\/div>\n<div class=\"accordion\">\n<div class=\"accordion-item\"><a class=\"accordion-title plain\" href=\"https:\/\/phonelocker.com\/norwegian-schools-phone-restrictions\/#\"><button class=\"toggle\"><i class=\"icon-angle-down\"><\/i><\/button>\u00bfC\u00f3mo afectan las restricciones de los tel\u00e9fonos m\u00f3viles a las habilidades sociales de los estudiantes?<\/a><\/div>\n<div class=\"accordion-item\"><a class=\"accordion-title plain\" href=\"https:\/\/phonelocker.com\/norwegian-schools-phone-restrictions\/#\"><button class=\"toggle\"><i class=\"icon-angle-down\"><\/i><\/button>\u00bfCu\u00e1l es el papel de los padres en la aplicaci\u00f3n de las pol\u00edticas telef\u00f3nicas escolares?<\/a><\/div>\n<div class=\"accordion-item\"><a class=\"accordion-title plain\" href=\"https:\/\/phonelocker.com\/norwegian-schools-phone-restrictions\/#\"><button class=\"toggle\"><i class=\"icon-angle-down\"><\/i><\/button>\u00bfHay alguna excepci\u00f3n para los alumnos con necesidades especiales en cuanto al uso del tel\u00e9fono?<\/a><\/div>\n<div class=\"accordion-item\"><a class=\"accordion-title plain\" href=\"https:\/\/phonelocker.com\/norwegian-schools-phone-restrictions\/#\"><button class=\"toggle\"><i class=\"icon-angle-down\"><\/i><\/button>\u00bfC\u00f3mo gestionan los centros escolares las comunicaciones de emergencia sin los tel\u00e9fonos de los alumnos?<\/a><\/div>\n<div class=\"accordion-item\"><a class=\"accordion-title plain\" href=\"https:\/\/phonelocker.com\/norwegian-schools-phone-restrictions\/#\" aria-expanded=\"true\"><button class=\"toggle\"><i class=\"icon-angle-down\"><\/i><\/button>\u00bfQu\u00e9 medidas existen para ayudar a los profesores a aplicar las restricciones telef\u00f3nicas?<\/a><\/div>\n<\/div>\n<div class=\"container section-title-container\">\n<h3 class=\"section-title section-title-normal\"><span class=\"section-title-main\">Conclusi\u00f3n<\/span><\/h3>\n<\/div>\n<p>Al examinar la aplicaci\u00f3n de\u00a0<strong>restricciones a la telefon\u00eda m\u00f3vil<\/strong>\u00a0en las escuelas noruegas, surge una tendencia clara: la prueba del pud\u00edn est\u00e1 en comerlo. Los datos del Ministerio de Educaci\u00f3n noruego indican\u00a0<strong>cumplimiento sustancial<\/strong>\u00a0con la pol\u00edtica, con la participaci\u00f3n de 96% de centros de primaria y 64% de centros de secundaria. Los primeros resultados indican que\u00a0<strong>mejoras en la concentraci\u00f3n de estudiantes<\/strong>, actividad f\u00edsica e interacciones sociales. A medida que m\u00e1s regiones se plantean adoptar estas directrices, la evaluaci\u00f3n continua sigue siendo esencial para comprender plenamente sus\u00a0<strong>impacto a largo plazo<\/strong>\u00a0sobre los resultados educativos y el bienestar de los estudiantes.<\/p>\n<\/div>\n          <\/div>\n        <\/div>\n      <\/div>\n\n          <\/div>\n  <\/div>\n<\/section>\n\n\n<div\n  class=\"section section-contact-us-block section--alt-color\">\n  <div class=\"container reveal active\" data-aos=\"fade-up\" data-aos-duration=\"1000\">\n    <div class=\"row\">\n      <div class=\"col-md-12\">\n        <h2 class=\"text--center\">Pida hoy mismo su funda para tel\u00e9fono escolar<\/h2>\n        <p class=\"text--center\"><\/p>\n      <\/div>\n\n      <div class=\"col-md-12 d-flex justify-content-center\">\n        <a href=\"https:\/\/phonelocker.marklanham.com\/es\/contact-us\/\" class=\"btn btn-primary btn--lg\">\n          Contacto        <\/a>\n      <\/div>\n    <\/div>\n  <\/div>\n<\/div>\n\n\n\n<section\n  class=\"section section-posts-panel-block reveal active section--alt-grey\"\n  data-section=\"related-articles\"\n   data-aos=\"fade-up\" data-aos-duration=\"1000\">\n  <div class=\"container\">\n    <div class=\"row\">\n\n            <div class=\"col-md-12\">\n        <h2 class=\"text--center\">Art\u00edculos relacionados<\/h2>\n        <p class=\"text--center\">Eche un vistazo a nuestros art\u00edculos relacionados.<\/p>\n      <\/div>\n      \n      <!-- Section panels -->\n            <div class=\"container-slider-carousel\">\n        <ul class=\"slider-carousel slider-carousel-posts\">\n          \n          \n                    <li class=\"slide-carousel\">\n            \n            <div class=\"col-md-12\">\n              <div class=\"posts-panel-block__article-container\">\n                <div class=\"posts-panel-block__article-img lazyload\"\n                  style=\"background-image:inherit\" data-bg-image=\"url(&#039;https:\/\/phonelocker.marklanham.com\/wp-content\/uploads\/2023\/07\/photo-girl-at-cinema-on-phone.jpg&#039;)\">\n                <\/div>\n\n                <div class=\"posts-panel-block__article-content\">\n                  <div class=\"posts-panel-block__article-cat-date-wrapper\">\n                    <div class=\"posts-panel-block__article-category text--xs\">Entretenimiento                    <\/div>\n                    <div class=\"posts-panel-block__article-date\"><strong>20 ene 2026<\/strong>\n                    <\/div>\n                  <\/div>\n\n                  <div class=\"posts-panel-block__article-title\">\n                    <h3>\u00bfDeber\u00edan prohibirse los tel\u00e9fonos en los cines?<\/h3>\n                  <\/div>\n\n                  <div class=\"posts-panel-block__article-btn-wrapper\">\n                    <a href=\"https:\/\/phonelocker.marklanham.com\/es\/should-phones-be-banned-at-cinemas\/\" class=\"btn btn-primary\">Seguir leyendo<\/a>\n                  <\/div>\n                <\/div>\n              <\/div>\n            <\/div>\n\n                      <\/li>\n                    \n                    <li class=\"slide-carousel\">\n            \n            <div class=\"col-md-12\">\n              <div class=\"posts-panel-block__article-container\">\n                <div class=\"posts-panel-block__article-img lazyload\"\n                  style=\"background-image:inherit\" data-bg-image=\"url(&#039;https:\/\/phonelocker.marklanham.com\/wp-content\/uploads\/2017\/01\/photo-celebrities-banning-phones-at-gigs.jpg&#039;)\">\n                <\/div>\n\n                <div class=\"posts-panel-block__article-content\">\n                  <div class=\"posts-panel-block__article-cat-date-wrapper\">\n                    <div class=\"posts-panel-block__article-category text--xs\">Eventos                    <\/div>\n                    <div class=\"posts-panel-block__article-date\"><strong>20 ene 2026<\/strong>\n                    <\/div>\n                  <\/div>\n\n                  <div class=\"posts-panel-block__article-title\">\n                    <h3>Los famosos proh\u00edben el tel\u00e9fono en los conciertos<\/h3>\n                  <\/div>\n\n                  <div class=\"posts-panel-block__article-btn-wrapper\">\n                    <a href=\"https:\/\/phonelocker.marklanham.com\/es\/celebrities-banning-phones-from-gigs\/\" class=\"btn btn-primary\">Seguir leyendo<\/a>\n                  <\/div>\n                <\/div>\n              <\/div>\n            <\/div>\n\n                      <\/li>\n                    \n                    <li class=\"slide-carousel\">\n            \n            <div class=\"col-md-12\">\n              <div class=\"posts-panel-block__article-container\">\n                <div class=\"posts-panel-block__article-img lazyload\"\n                  style=\"background-image:inherit\" data-bg-image=\"url(&#039;https:\/\/phonelocker.marklanham.com\/wp-content\/uploads\/2023\/07\/photo-netflix-show-smartphone-use.png&#039;)\">\n                <\/div>\n\n                <div class=\"posts-panel-block__article-content\">\n                  <div class=\"posts-panel-block__article-cat-date-wrapper\">\n                    <div class=\"posts-panel-block__article-category text--xs\">Entretenimiento                    <\/div>\n                    <div class=\"posts-panel-block__article-date\"><strong>20 ene 2026<\/strong>\n                    <\/div>\n                  <\/div>\n\n                  <div class=\"posts-panel-block__article-title\">\n                    <h3>Un nuevo programa de Netflix sensibiliza sobre la...<\/h3>\n                  <\/div>\n\n                  <div class=\"posts-panel-block__article-btn-wrapper\">\n                    <a href=\"https:\/\/phonelocker.marklanham.com\/es\/new-netflix-show-raises-awareness-of-youth-radicalisation\/\" class=\"btn btn-primary\">Seguir leyendo<\/a>\n                  <\/div>\n                <\/div>\n              <\/div>\n            <\/div>\n\n                      <\/li>\n                    \n          \n                  <\/ul>\n      <\/div>\n      \n    <\/div>\n  <\/div>\n\n    <div class=\"slider-carousel__arrows slider-carousel-posts__arrows\"><\/div>\n  <div class=\"slider-carousel__dots slider-carousel-posts__dots\"><\/div>\n  <\/section>","protected":false},"excerpt":{"rendered":"","protected":false},"author":2,"featured_media":2993,"comment_status":"open","ping_status":"open","sticky":false,"template":"","format":"standard","meta":{"_acf_changed":false,"footnotes":""},"categories":[7],"tags":[],"class_list":["post-1388","post","type-post","status-publish","format-standard","has-post-thumbnail","hentry","category-education"],"acf":[],"_links":{"self":[{"href":"https:\/\/phonelocker.marklanham.com\/es\/wp-json\/wp\/v2\/posts\/1388","targetHints":{"allow":["GET"]}}],"collection":[{"href":"https:\/\/phonelocker.marklanham.com\/es\/wp-json\/wp\/v2\/posts"}],"about":[{"href":"https:\/\/phonelocker.marklanham.com\/es\/wp-json\/wp\/v2\/types\/post"}],"author":[{"embeddable":true,"href":"https:\/\/phonelocker.marklanham.com\/es\/wp-json\/wp\/v2\/users\/2"}],"replies":[{"embeddable":true,"href":"https:\/\/phonelocker.marklanham.com\/es\/wp-json\/wp\/v2\/comments?post=1388"}],"version-history":[{"count":2,"href":"https:\/\/phonelocker.marklanham.com\/es\/wp-json\/wp\/v2\/posts\/1388\/revisions"}],"predecessor-version":[{"id":1507,"href":"https:\/\/phonelocker.marklanham.com\/es\/wp-json\/wp\/v2\/posts\/1388\/revisions\/1507"}],"wp:featuredmedia":[{"embeddable":true,"href":"https:\/\/phonelocker.marklanham.com\/es\/wp-json\/wp\/v2\/media\/2993"}],"wp:attachment":[{"href":"https:\/\/phonelocker.marklanham.com\/es\/wp-json\/wp\/v2\/media?parent=1388"}],"wp:term":[{"taxonomy":"category","embeddable":true,"href":"https:\/\/phonelocker.marklanham.com\/es\/wp-json\/wp\/v2\/categories?post=1388"},{"taxonomy":"post_tag","embeddable":true,"href":"https:\/\/phonelocker.marklanham.com\/es\/wp-json\/wp\/v2\/tags?post=1388"}],"curies":[{"name":"wp","href":"https:\/\/api.w.org\/{rel}","templated":true}]}}