{"id":1204,"date":"2026-01-20T16:24:19","date_gmt":"2026-01-20T16:24:19","guid":{"rendered":"https:\/\/phonelocker.marklanham.com\/?p=1204"},"modified":"2026-01-20T16:24:19","modified_gmt":"2026-01-20T16:24:19","slug":"is-foso-the-new-fomo","status":"publish","type":"post","link":"https:\/\/phonelocker.marklanham.com\/es\/is-foso-the-new-fomo\/","title":{"rendered":"\u00bfEs el FOSO el nuevo FOMO?"},"content":{"rendered":"<section\n  class=\"section section-flexible-content-block\">\n  <div class=\"container\">\n    <div class=\"row\">\n      <div class=\"col-md-12 reveal active\" data-aos=\"fade-up\" data-aos-duration=\"1000\">\n        <div class=\"content\">\n          <div class=\"content__centered\">\n            <p>No hace mucho, el miedo a perderse algo era un sentimiento con el que muchos de nosotros est\u00e1bamos demasiado familiarizados. Gracias a las redes sociales y a la conectividad instant\u00e1nea que tenemos a nuestro alcance, podemos estar al d\u00eda de todo y de todos, todo el tiempo. Pero, \u00bfdeber\u00edamos?<\/p>\n<p>Nuestra capacidad para acceder a este flujo incesante de informaci\u00f3n y actualizaciones ha hecho que siempre estemos involucrados, y los sentimientos de FOMO empiezan a remitir... hasta que desconectas.<\/p>\n<p>Entre en\u00a0<strong>FOSO<\/strong>\u00a0- El miedo a desconectar.<\/p>\n<h3><strong>El auge de FOSO<\/strong><\/h3>\n<p>FOSO es ese sentimiento persistente que nos mantiene atados a nuestros dispositivos. Es esa ansiedad e inquietud que sientes cuando intentas desconectar. Es el miedo a perderse actualizaciones importantes que experimentan 1 de cada 3 personas en todo el mundo y este miedo es un instigador de la sobrecarga de informaci\u00f3n que intentamos procesar cada d\u00eda.<\/p>\n<p>La Dra. Ritika Suk Birah, psic\u00f3loga asesora, coment\u00f3 lo siguiente;<\/p>\n<p><em>\u201cNo somos robots, a menudo creemos que podemos seguir y seguir, pero esa es la raz\u00f3n por la que el agotamiento es tan com\u00fan\u201d.<\/em><\/p>\n<p>Esta creencia de que podemos funcionar y prosperar gracias al estr\u00e9s tiene graves consecuencias para nuestra salud f\u00edsica y mental a largo plazo, que se manifiestan en los 51.000 millones de libras que\u00a0<a href=\"https:\/\/www.deloitte.com\/uk\/en\/about\/press-room\/poor-mental-health-costs-uk-employers-51-billion-a-year-for-employees.html\">la mala salud mental cuesta a los empresarios brit\u00e1nicos<\/a>\u00a0en 2024.<\/p>\n<p>Una de las razones por las que esta cifra es tan elevada se debe a que el t\u00e9rmino FOSO tiene su origen en el lugar de trabajo, donde muchos empleados se sienten\u00a0<a href=\"https:\/\/www.icompario.com\/en-gb\/guides\/right-to-switch-off\/\">\u2018una \u2019inmensa presi\u00f3n\" para que se controle el trabajo<\/a>, ... \u00a1incluso durante las vacaciones! Pero no se trata s\u00f3lo de los correos electr\u00f3nicos enviados fuera del horario laboral, sino tambi\u00e9n del estr\u00e9s anticipatorio de responder y de la expectativa de estar siempre localizable, que ha dado lugar a que la gente sienta que no puede desconectar del todo.<\/p>\n<h3><strong>Si se nos puede contactar donde sea, \u00bfpor qu\u00e9 no podemos responder?<\/strong><\/h3>\n<p>Este sentimiento se ha visto exacerbado en los \u00faltimos a\u00f1os por la pandemia y el aumento de las oportunidades de trabajar desde casa (WFH). Aunque muchas personas disfrutan de las ventajas de un estilo de vida WFH, el hecho de no salir de casa y teclear desde la mesa del comedor ha difuminado los l\u00edmites entre la vida laboral y personal. Adem\u00e1s, un n\u00famero desproporcionado de personas creen que, como no est\u00e1n en la oficina y se les ve trabajando, tienen que demostrar que lo est\u00e1n produciendo resultados.<\/p>\n          <\/div>\n        <\/div>\n      <\/div>\n\n          <\/div>\n  <\/div>\n<\/section>\n\n\n<section id=\"no-id-set\" class=\"section section-image\">\n  <div class=\"container\">\n    <div class=\"section-image__parallax-content\">\n      <div class=\"row\">\n        <div class=\"col-md-12\">\n          <div class=\"section-image__text reveal active\" data-aos=\"fade-up\" data-aos-duration=\"1000\">\n            <h2 class=\"text--white\"><\/h2>\n          <\/div>\n        <\/div>\n      <\/div>\n    <\/div>\n    <div class=\"section-image__parallax-image lazyload\" style=\"background-image:inherit\" data-bg-image=\"url(&#039;https:\/\/phonelocker.marklanham.com\/wp-content\/uploads\/2025\/07\/School-Girl-On-Phone.jpeg&#039;)\">\n      <div class=\"section-image__mask\"><\/div>\n    <\/div>\n  <\/div>\n<\/section>\n\n<section\n  class=\"section section-flexible-content-block\">\n  <div class=\"container\">\n    <div class=\"row\">\n      <div class=\"col-md-12 reveal active\" data-aos=\"fade-up\" data-aos-duration=\"1000\">\n        <div class=\"content\">\n          <div class=\"content__centered\">\n            <h3>El ajetreo y el bullicio<\/h3>\n<p>Para muchos de los que consiguen encontrar una vida laboral equilibrada, la necesidad de ser hiperproductivos y la aparici\u00f3n de \u2018<em>Cultura del ajetreo<\/em>\u2019La cultura del \u2018\u00e9xito\u2019, que da glamour a las historias de personas que trabajan horas y horas para alcanzar el \"\u00e9xito\", significa que se esfuerzan constantemente por alcanzar metas poco realistas.<\/p>\n<p>Parte del auge de los \u2018side hustles\u2019 se debe a la crisis del coste de la vida, que ha llevado a muchas personas a intentar disponer de un segundo ingreso para sostener sus finanzas. Para quienes no pueden explorar esta opci\u00f3n, ha aumentado la incertidumbre sobre su estabilidad laboral. Un factor que est\u00e1 provocando que cada vez m\u00e1s empleados experimenten burnout, que viene acompa\u00f1ado de su propia cohorte de problemas adicionales, como dificultad para relajarse o disfrutar del tiempo libre, aumento del estr\u00e9s y la ansiedad y peor calidad del sue\u00f1o, por nombrar algunos.<\/p>\n<p>Si se pregunta por qu\u00e9 no hay una legislaci\u00f3n que proh\u00edba a los empresarios esperar que sus empleados se comuniquen fuera del horario laboral, la hay... en Francia.<\/p>\n<p>En 2017, el pa\u00eds introdujo la \u2018ley del derecho a desconectar\u2019, y no es la primera vez que Francia se adelanta en leyes de bienestar p\u00fablico, ya que introdujo la primera de este tipo\u00a0<a href=\"https:\/\/phonelocker.marklanham.com\/es\/france-bans-phones-in-schools\/\"><strong>Prohibici\u00f3n de tel\u00e9fonos en las escuelas<\/strong><\/a>\u00a0ese mismo a\u00f1o, un paso que muchos pa\u00edses han imitado desde entonces.<\/p>\n<p>Aunque muchos empleados del Reino Unido est\u00e1n ansiosos por volver a seguir los pasos de Francia, gran parte de la presi\u00f3n para responder es impl\u00edcita y, como tal, debemos centrarnos en modificar las expectativas sociales en torno a la desconexi\u00f3n, haciendo saber a la gente que est\u00e1 bien tener tiempo \u2018para ti\u2019, sin tu dispositivo.<\/p>\n<h3>FOSO en todas las edades<\/h3>\n<p>Puede que el FOSO se originara en el lugar de trabajo, pero definitivamente no se ha quedado ah\u00ed, de hecho, con las constantes notificaciones y alertas que recibimos, una media de m\u00e1s de 150 al d\u00eda, el miedo a desconectar ha entrado de lleno en todas las fases de nuestras vidas.<\/p>\n<p>El n\u00famero medio de notificaciones de los j\u00f3venes supera con creces esta cifra, ya que varios estudiantes del reciente documental\u00a0<a href=\"https:\/\/phonelocker.marklanham.com\/es\/swiped-channel-4-reveals-the-impact-of-phone-bans-in-schools\/\"><strong>SWIPED: La escuela que prohibi\u00f3 los smartphones<\/strong><\/a>\u00a0se\u00f1alando que esperan recibir m\u00e1s de 300 mensajes al d\u00eda, lo que est\u00e1 llevando a\u00a0<em>\u2018ansiedad extrema y ataques de p\u00e1nico\u2019<\/em>.<\/p>\n<p>El documental explora el impacto de retirar los tel\u00e9fonos inteligentes a estos ni\u00f1os, descubriendo que la ausencia de dispositivos se tradujo en una disminuci\u00f3n significativa de la ansiedad y los s\u00edntomas relacionados con la depresi\u00f3n, as\u00ed como en un aumento de la memoria de trabajo.<\/p>\n<p>Si a los adultos nos cuesta regular nuestros h\u00e1bitos tecnol\u00f3gicos, no ser\u00eda l\u00f3gico esperar que los ni\u00f1os lo hicieran sin ayuda. Sin embargo, la concienciaci\u00f3n sobre el tema est\u00e1 creciendo, se est\u00e1n llevando a cabo m\u00e1s investigaciones y muchos\u00a0<a href=\"https:\/\/phonelocker.marklanham.com\/es\/mobile-phone-use-in-uk-schools\/\"><strong>Prohibici\u00f3n del uso del tel\u00e9fono en los colegios<\/strong><\/a>\u00a0utilizando m\u00e9todos como las fundas para tel\u00e9fonos con cerradura y las taquillas para tel\u00e9fonos.<\/p>\n          <\/div>\n        <\/div>\n      <\/div>\n\n          <\/div>\n  <\/div>\n<\/section>\n\n\n\n<section\n  class=\"section section-video-block section--no-padding-top section--no-padding-bottom section--alt-grey\">\n  <div class=\"container\">\n    <div class=\"row\">\n      <div class=\"col-md-12\">\n                <div class=\"video-block__content\">\n          <div class=\"content\">\n            <div class=\"content__centered\">\n                            <div class=\"video-block__video_link_container\">\n                <iframe title=\"\u00bfFuncionan las prohibiciones telef\u00f3nicas? La escuela Jeannine Manuel comparte sus opiniones\" width=\"640\" height=\"360\" data-src=\"https:\/\/www.youtube.com\/embed\/xuCyR3gp79c?feature=oembed&#038;rel=0\" frameborder=\"0\" allow=\"accelerometer; autoplay; clipboard-write; encrypted-media; gyroscope; picture-in-picture; web-share\" referrerpolicy=\"strict-origin-when-cross-origin\" allowfullscreen src=\"data:image\/svg+xml;base64,PHN2ZyB3aWR0aD0iMSIgaGVpZ2h0PSIxIiB4bWxucz0iaHR0cDovL3d3dy53My5vcmcvMjAwMC9zdmciPjwvc3ZnPg==\" class=\"lazyload\" data-load-mode=\"1\"><\/iframe>              <\/div>\n                          <\/div>\n          <\/div>\n        <\/div>\n      <\/div>\n    <\/div>\n  <\/div>\n<\/section>\n\n<section\n  class=\"section section-flexible-content-block\">\n  <div class=\"container\">\n    <div class=\"row\">\n      <div class=\"col-md-12 reveal active\" data-aos=\"fade-up\" data-aos-duration=\"1000\">\n        <div class=\"content\">\n          <div class=\"content__centered\">\n            <h3>Romper el ciclo<\/h3>\n<p>Con tal abundancia de informaci\u00f3n en nuestro tel\u00e9fono a lo largo del d\u00eda, somos precavidos para no quedarnos atr\u00e1s en noticias y oportunidades, pero esta vigilancia constante ya no es un pensamiento consciente, es un h\u00e1bito arraigado que tenemos que trabajar conscientemente para cambiar.<\/p>\n<p>Una de las formas m\u00e1s eficaces de salir de este ciclo es empezar a establecer l\u00edmites claros. Designar un horario para responder a los mensajes y desactivar las notificaciones fuera de ese periodo puede suponer una gran diferencia en tu productividad y tranquilidad.<\/p>\n<p>Un escollo de este m\u00e9todo es que cuanto m\u00e1s tiempo dejamos a nuestros amigos y colegas sin responder, m\u00e1s estr\u00e9s y ansiedad sentimos al respecto. Ser\u00eda tan f\u00e1cil responder r\u00e1pidamente y limpiar nuestra conciencia, pero comunicarse con estas personas haci\u00e9ndoles saber cu\u00e1ndo no est\u00e1s disponible, o establecer expectativas sobre los tiempos de respuesta puede realmente ayudar a saciar esos temores y construir relaciones m\u00e1s saludables.<\/p>\n<p>Si sabes que no vas a poder evitarlo, sobre todo durante la jornada escolar o laboral, puedes recurrir a herramientas de restricci\u00f3n del uso del tel\u00e9fono, como aplicaciones restrictivas, cajas de bloqueo o fundas para el tel\u00e9fono.<\/p>\n<p>Por \u00faltimo, nunca podr\u00e1s escapar del mundo de la tecnolog\u00eda y el zumbido constante, pero unas peque\u00f1as vacaciones te vendr\u00e1n de maravilla. Plant\u00e9ate una \u2018desintoxicaci\u00f3n digital\u2019 en la que programes periodos sin ning\u00fan dispositivo electr\u00f3nico para ayudar a tu cerebro a desconectar. Un fin de semana sin pantallas puede ser el remedio perfecto, o quiz\u00e1 prefieras unos d\u00edas de retiro en alg\u00fan lugar tranquilo y rodeado de naturaleza.<\/p>\n<p>Nuestra relaci\u00f3n con estos dispositivos es individual y, por tanto, la soluci\u00f3n tambi\u00e9n debe serlo: haz lo que te funcione y mejor se adapte a tus necesidades. Afortunadamente, cada vez es m\u00e1s aceptable hablar abiertamente de estos temas y de las medidas que debemos tomar para proteger nuestra salud emocional.<\/p>\n<p>En nuestro mundo hiperconectado, muchos de nosotros luchamos contra el FOSO, pero recuerda que cada vez que eliges desconectar, est\u00e1s tomando una decisi\u00f3n consciente de dar prioridad a tu bienestar.<\/p>\n          <\/div>\n        <\/div>\n      <\/div>\n\n          <\/div>\n  <\/div>\n<\/section>\n\n\n<section id=\"no-id-set\" class=\"section section-image\">\n  <div class=\"container\">\n    <div class=\"section-image__parallax-content\">\n      <div class=\"row\">\n        <div class=\"col-md-12\">\n          <div class=\"section-image__text reveal active\" data-aos=\"fade-up\" data-aos-duration=\"1000\">\n            <h2 class=\"text--white\"><\/h2>\n          <\/div>\n        <\/div>\n      <\/div>\n    <\/div>\n    <div class=\"section-image__parallax-image lazyload\" style=\"background-image:inherit\" data-bg-image=\"url(&#039;https:\/\/phonelocker.marklanham.com\/wp-content\/uploads\/2025\/07\/School-Girl-On-Phone.jpeg&#039;)\">\n      <div class=\"section-image__mask\"><\/div>\n    <\/div>\n  <\/div>\n<\/section>\n\n<div\n  class=\"section section-contact-us-block section--alt-color\">\n  <div class=\"container reveal active\" data-aos=\"fade-up\" data-aos-duration=\"1000\">\n    <div class=\"row\">\n      <div class=\"col-md-12\">\n        <h2 class=\"text--center\">No uses el tel\u00e9fono en tu colegio<\/h2>\n        <p class=\"text--center\">Si desea m\u00e1s informaci\u00f3n sobre el uso de las fundas Phone Locker\u00ae en su centro de ense\u00f1anza, p\u00f3ngase en contacto con nosotros para recibir asesoramiento y un presupuesto sin compromiso.<\/p>\n      <\/div>\n\n      <div class=\"col-md-12 d-flex justify-content-center\">\n        <a href=\"https:\/\/phonelocker.marklanham.com\/es\/contact-us\/\" class=\"btn btn-primary btn--lg\">\n          Contacto        <\/a>\n      <\/div>\n    <\/div>\n  <\/div>\n<\/div>\n\n\n\n<section\n  class=\"section section-posts-panel-block reveal active section--alt-grey\"\n  data-section=\"related-articles\"\n   data-aos=\"fade-up\" data-aos-duration=\"1000\">\n  <div class=\"container\">\n    <div class=\"row\">\n\n            <div class=\"col-md-12\">\n        <h2 class=\"text--center\">Art\u00edculos relacionados<\/h2>\n        <p class=\"text--center\">Eche un vistazo a nuestros art\u00edculos relacionados.<\/p>\n      <\/div>\n      \n      <!-- Section panels -->\n            <div class=\"container-slider-carousel\">\n        <ul class=\"slider-carousel slider-carousel-posts\">\n          \n          \n                    <li class=\"slide-carousel\">\n            \n            <div class=\"col-md-12\">\n              <div class=\"posts-panel-block__article-container\">\n                <div class=\"posts-panel-block__article-img lazyload\"\n                  style=\"background-image:inherit\" data-bg-image=\"url(&#039;https:\/\/phonelocker.marklanham.com\/wp-content\/uploads\/2023\/07\/photo-girl-at-cinema-on-phone.jpg&#039;)\">\n                <\/div>\n\n                <div class=\"posts-panel-block__article-content\">\n                  <div class=\"posts-panel-block__article-cat-date-wrapper\">\n                    <div class=\"posts-panel-block__article-category text--xs\">Entretenimiento                    <\/div>\n                    <div class=\"posts-panel-block__article-date\"><strong>20 ene 2026<\/strong>\n                    <\/div>\n                  <\/div>\n\n                  <div class=\"posts-panel-block__article-title\">\n                    <h3>\u00bfDeber\u00edan prohibirse los tel\u00e9fonos en los cines?<\/h3>\n                  <\/div>\n\n                  <div class=\"posts-panel-block__article-btn-wrapper\">\n                    <a href=\"https:\/\/phonelocker.marklanham.com\/es\/should-phones-be-banned-at-cinemas\/\" class=\"btn btn-primary\">Seguir leyendo<\/a>\n                  <\/div>\n                <\/div>\n              <\/div>\n            <\/div>\n\n                      <\/li>\n                    \n                    <li class=\"slide-carousel\">\n            \n            <div class=\"col-md-12\">\n              <div class=\"posts-panel-block__article-container\">\n                <div class=\"posts-panel-block__article-img lazyload\"\n                  style=\"background-image:inherit\" data-bg-image=\"url(&#039;https:\/\/phonelocker.marklanham.com\/wp-content\/uploads\/2017\/01\/photo-celebrities-banning-phones-at-gigs.jpg&#039;)\">\n                <\/div>\n\n                <div class=\"posts-panel-block__article-content\">\n                  <div class=\"posts-panel-block__article-cat-date-wrapper\">\n                    <div class=\"posts-panel-block__article-category text--xs\">Eventos                    <\/div>\n                    <div class=\"posts-panel-block__article-date\"><strong>20 ene 2026<\/strong>\n                    <\/div>\n                  <\/div>\n\n                  <div class=\"posts-panel-block__article-title\">\n                    <h3>Los famosos proh\u00edben el tel\u00e9fono en los conciertos<\/h3>\n                  <\/div>\n\n                  <div class=\"posts-panel-block__article-btn-wrapper\">\n                    <a href=\"https:\/\/phonelocker.marklanham.com\/es\/celebrities-banning-phones-from-gigs\/\" class=\"btn btn-primary\">Seguir leyendo<\/a>\n                  <\/div>\n                <\/div>\n              <\/div>\n            <\/div>\n\n                      <\/li>\n                    \n                    <li class=\"slide-carousel\">\n            \n            <div class=\"col-md-12\">\n              <div class=\"posts-panel-block__article-container\">\n                <div class=\"posts-panel-block__article-img lazyload\"\n                  style=\"background-image:inherit\" data-bg-image=\"url(&#039;https:\/\/phonelocker.marklanham.com\/wp-content\/uploads\/2023\/07\/photo-netflix-show-smartphone-use.png&#039;)\">\n                <\/div>\n\n                <div class=\"posts-panel-block__article-content\">\n                  <div class=\"posts-panel-block__article-cat-date-wrapper\">\n                    <div class=\"posts-panel-block__article-category text--xs\">Entretenimiento                    <\/div>\n                    <div class=\"posts-panel-block__article-date\"><strong>20 ene 2026<\/strong>\n                    <\/div>\n                  <\/div>\n\n                  <div class=\"posts-panel-block__article-title\">\n                    <h3>Un nuevo programa de Netflix sensibiliza sobre la...<\/h3>\n                  <\/div>\n\n                  <div class=\"posts-panel-block__article-btn-wrapper\">\n                    <a href=\"https:\/\/phonelocker.marklanham.com\/es\/new-netflix-show-raises-awareness-of-youth-radicalisation\/\" class=\"btn btn-primary\">Seguir leyendo<\/a>\n                  <\/div>\n                <\/div>\n              <\/div>\n            <\/div>\n\n                      <\/li>\n                    \n          \n                  <\/ul>\n      <\/div>\n      \n    <\/div>\n  <\/div>\n\n    <div class=\"slider-carousel__arrows slider-carousel-posts__arrows\"><\/div>\n  <div class=\"slider-carousel__dots slider-carousel-posts__dots\"><\/div>\n  <\/section>","protected":false},"excerpt":{"rendered":"","protected":false},"author":2,"featured_media":1788,"comment_status":"closed","ping_status":"closed","sticky":false,"template":"","format":"standard","meta":{"_acf_changed":false,"footnotes":""},"categories":[1],"tags":[],"class_list":["post-1204","post","type-post","status-publish","format-standard","has-post-thumbnail","hentry","category-uncategorized"],"acf":[],"_links":{"self":[{"href":"https:\/\/phonelocker.marklanham.com\/es\/wp-json\/wp\/v2\/posts\/1204","targetHints":{"allow":["GET"]}}],"collection":[{"href":"https:\/\/phonelocker.marklanham.com\/es\/wp-json\/wp\/v2\/posts"}],"about":[{"href":"https:\/\/phonelocker.marklanham.com\/es\/wp-json\/wp\/v2\/types\/post"}],"author":[{"embeddable":true,"href":"https:\/\/phonelocker.marklanham.com\/es\/wp-json\/wp\/v2\/users\/2"}],"replies":[{"embeddable":true,"href":"https:\/\/phonelocker.marklanham.com\/es\/wp-json\/wp\/v2\/comments?post=1204"}],"version-history":[{"count":4,"href":"https:\/\/phonelocker.marklanham.com\/es\/wp-json\/wp\/v2\/posts\/1204\/revisions"}],"predecessor-version":[{"id":1484,"href":"https:\/\/phonelocker.marklanham.com\/es\/wp-json\/wp\/v2\/posts\/1204\/revisions\/1484"}],"wp:featuredmedia":[{"embeddable":true,"href":"https:\/\/phonelocker.marklanham.com\/es\/wp-json\/wp\/v2\/media\/1788"}],"wp:attachment":[{"href":"https:\/\/phonelocker.marklanham.com\/es\/wp-json\/wp\/v2\/media?parent=1204"}],"wp:term":[{"taxonomy":"category","embeddable":true,"href":"https:\/\/phonelocker.marklanham.com\/es\/wp-json\/wp\/v2\/categories?post=1204"},{"taxonomy":"post_tag","embeddable":true,"href":"https:\/\/phonelocker.marklanham.com\/es\/wp-json\/wp\/v2\/tags?post=1204"}],"curies":[{"name":"wp","href":"https:\/\/api.w.org\/{rel}","templated":true}]}}